{"id":20677,"date":"2023-09-30T11:47:06","date_gmt":"2023-09-30T15:47:06","guid":{"rendered":"https:\/\/arteliagroup.ca\/?p=20677"},"modified":"2026-01-19T11:59:50","modified_gmt":"2026-01-19T16:59:50","slug":"journee-grand-nettoyage-en-famille-a-boucherville-et-a-sept-iles","status":"publish","type":"post","link":"https:\/\/arteliagroup.ca\/fr\/engagement-social-et-environnemental\/journee-grand-nettoyage-en-famille-a-boucherville-et-a-sept-iles\/","title":{"rendered":"Journ\u00e9e Grand nettoyage en famille \u00e0 Boucherville et \u00e0 Sept-\u00celes"},"content":{"rendered":"","protected":false},"excerpt":{"rendered":"<p>Plusieurs ont souhait\u00e9 vivre l\u2019exp\u00e9rience en famille et il \u00e9tait inspirant de voir petits et grands travailler fort!<\/p>\n","protected":false},"author":1,"featured_media":33965,"comment_status":"closed","ping_status":"closed","sticky":false,"template":"","format":"standard","meta":{"_acf_changed":false,"footnotes":""},"categories":[43],"tags":[],"class_list":["post-20677","post","type-post","status-publish","format-standard","has-post-thumbnail","hentry","category-engagement-social-et-environnemental"],"acf":[],"yoast_head":"<!-- This site is optimized with the Yoast SEO plugin v27.4 - https:\/\/yoast.com\/product\/yoast-seo-wordpress\/ -->\n<title>Journ\u00e9e Grand nettoyage en famille \u00e0 Boucherville et \u00e0 Sept-\u00celes - Artelia<\/title>\n<meta name=\"description\" content=\"Plusieurs ont souhait\u00e9 vivre l\u2019exp\u00e9rience en famille et il \u00e9tait inspirant de voir petits et grands travailler fort!\" \/>\n<meta name=\"robots\" content=\"index, follow, max-snippet:-1, max-image-preview:large, max-video-preview:-1\" \/>\n<link rel=\"canonical\" href=\"https:\/\/arteliagroup.ca\/fr\/engagement-social-et-environnemental\/journee-grand-nettoyage-en-famille-a-boucherville-et-a-sept-iles\/\" \/>\n<meta property=\"og:locale\" content=\"fr_CA\" \/>\n<meta property=\"og:type\" content=\"article\" \/>\n<meta property=\"og:title\" content=\"Journ\u00e9e Grand nettoyage en famille \u00e0 Boucherville et \u00e0 Sept-\u00celes - Artelia\" \/>\n<meta property=\"og:description\" content=\"Plusieurs ont souhait\u00e9 vivre l\u2019exp\u00e9rience en famille et il \u00e9tait inspirant de voir petits et grands travailler fort!\" \/>\n<meta property=\"og:url\" content=\"https:\/\/arteliagroup.ca\/fr\/engagement-social-et-environnemental\/journee-grand-nettoyage-en-famille-a-boucherville-et-a-sept-iles\/\" \/>\n<meta property=\"og:site_name\" content=\"Artelia\" \/>\n<meta property=\"article:publisher\" content=\"https:\/\/www.linkedin.com\/company\/artelia-canada\/\" \/>\n<meta property=\"article:published_time\" content=\"2023-09-30T15:47:06+00:00\" \/>\n<meta property=\"article:modified_time\" content=\"2026-01-19T16:59:50+00:00\" \/>\n<meta property=\"og:image\" content=\"https:\/\/arteliagroup.ca\/wp-content\/uploads\/2023\/09\/Grand-nettoyage-1000tonnes_FR_V1.avif\" \/>\n\t<meta property=\"og:image:width\" content=\"702\" \/>\n\t<meta property=\"og:image:height\" content=\"440\" \/>\n\t<meta property=\"og:image:type\" content=\"image\/jpeg\" \/>\n<meta name=\"author\" content=\"bmounie\" \/>\n<meta name=\"twitter:card\" content=\"summary_large_image\" \/>\n<meta name=\"twitter:label1\" content=\"\u00c9crit par\" \/>\n\t<meta name=\"twitter:data1\" content=\"bmounie\" \/>\n\t<meta name=\"twitter:label2\" content=\"Estimation du temps de lecture\" \/>\n\t<meta name=\"twitter:data2\" content=\"2 minutes\" \/>\n<script type=\"application\/ld+json\" class=\"yoast-schema-graph\">{\"@context\":\"https:\\\/\\\/schema.org\",\"@graph\":[{\"@type\":\"Article\",\"@id\":\"https:\\\/\\\/arteliagroup.ca\\\/fr\\\/engagement-social-et-environnemental\\\/journee-grand-nettoyage-en-famille-a-boucherville-et-a-sept-iles\\\/#article\",\"isPartOf\":{\"@id\":\"https:\\\/\\\/arteliagroup.ca\\\/fr\\\/engagement-social-et-environnemental\\\/journee-grand-nettoyage-en-famille-a-boucherville-et-a-sept-iles\\\/\"},\"author\":{\"name\":\"bmounie\",\"@id\":\"https:\\\/\\\/arteliagroup.ca\\\/fr\\\/#\\\/schema\\\/person\\\/ca3fb84911582214cd4b17a17abb945b\"},\"headline\":\"Journ\u00e9e Grand nettoyage en famille \u00e0 Boucherville et \u00e0 Sept-\u00celes\",\"datePublished\":\"2023-09-30T15:47:06+00:00\",\"dateModified\":\"2026-01-19T16:59:50+00:00\",\"mainEntityOfPage\":{\"@id\":\"https:\\\/\\\/arteliagroup.ca\\\/fr\\\/engagement-social-et-environnemental\\\/journee-grand-nettoyage-en-famille-a-boucherville-et-a-sept-iles\\\/\"},\"wordCount\":10,\"publisher\":{\"@id\":\"https:\\\/\\\/arteliagroup.ca\\\/fr\\\/#organization\"},\"image\":{\"@id\":\"https:\\\/\\\/arteliagroup.ca\\\/fr\\\/engagement-social-et-environnemental\\\/journee-grand-nettoyage-en-famille-a-boucherville-et-a-sept-iles\\\/#primaryimage\"},\"thumbnailUrl\":\"https:\\\/\\\/arteliagroup.ca\\\/wp-content\\\/uploads\\\/2023\\\/09\\\/Grand-nettoyage-1000tonnes_FR_V1.avif\",\"articleSection\":[\"Engagement social et environnemental\"],\"inLanguage\":\"fr-FR\"},{\"@type\":\"WebPage\",\"@id\":\"https:\\\/\\\/arteliagroup.ca\\\/fr\\\/engagement-social-et-environnemental\\\/journee-grand-nettoyage-en-famille-a-boucherville-et-a-sept-iles\\\/\",\"url\":\"https:\\\/\\\/arteliagroup.ca\\\/fr\\\/engagement-social-et-environnemental\\\/journee-grand-nettoyage-en-famille-a-boucherville-et-a-sept-iles\\\/\",\"name\":\"Journ\u00e9e Grand nettoyage en famille \u00e0 Boucherville et \u00e0 Sept-\u00celes - Artelia\",\"isPartOf\":{\"@id\":\"https:\\\/\\\/arteliagroup.ca\\\/fr\\\/#website\"},\"primaryImageOfPage\":{\"@id\":\"https:\\\/\\\/arteliagroup.ca\\\/fr\\\/engagement-social-et-environnemental\\\/journee-grand-nettoyage-en-famille-a-boucherville-et-a-sept-iles\\\/#primaryimage\"},\"image\":{\"@id\":\"https:\\\/\\\/arteliagroup.ca\\\/fr\\\/engagement-social-et-environnemental\\\/journee-grand-nettoyage-en-famille-a-boucherville-et-a-sept-iles\\\/#primaryimage\"},\"thumbnailUrl\":\"https:\\\/\\\/arteliagroup.ca\\\/wp-content\\\/uploads\\\/2023\\\/09\\\/Grand-nettoyage-1000tonnes_FR_V1.avif\",\"datePublished\":\"2023-09-30T15:47:06+00:00\",\"dateModified\":\"2026-01-19T16:59:50+00:00\",\"description\":\"Plusieurs ont souhait\u00e9 vivre l\u2019exp\u00e9rience en famille et il \u00e9tait inspirant de voir petits et grands travailler fort!\",\"breadcrumb\":{\"@id\":\"https:\\\/\\\/arteliagroup.ca\\\/fr\\\/engagement-social-et-environnemental\\\/journee-grand-nettoyage-en-famille-a-boucherville-et-a-sept-iles\\\/#breadcrumb\"},\"inLanguage\":\"fr-FR\",\"potentialAction\":[{\"@type\":\"ReadAction\",\"target\":[\"https:\\\/\\\/arteliagroup.ca\\\/fr\\\/engagement-social-et-environnemental\\\/journee-grand-nettoyage-en-famille-a-boucherville-et-a-sept-iles\\\/\"]}]},{\"@type\":\"ImageObject\",\"inLanguage\":\"fr-FR\",\"@id\":\"https:\\\/\\\/arteliagroup.ca\\\/fr\\\/engagement-social-et-environnemental\\\/journee-grand-nettoyage-en-famille-a-boucherville-et-a-sept-iles\\\/#primaryimage\",\"url\":\"https:\\\/\\\/arteliagroup.ca\\\/wp-content\\\/uploads\\\/2023\\\/09\\\/Grand-nettoyage-1000tonnes_FR_V1.avif\",\"contentUrl\":\"https:\\\/\\\/arteliagroup.ca\\\/wp-content\\\/uploads\\\/2023\\\/09\\\/Grand-nettoyage-1000tonnes_FR_V1.avif\",\"width\":702,\"height\":440,\"caption\":\"Plusieurs ont souhait\u00e9 vivre l\u2019exp\u00e9rience en famille et il \u00e9tait inspirant de voir petits et grands travailler fort!\"},{\"@type\":\"BreadcrumbList\",\"@id\":\"https:\\\/\\\/arteliagroup.ca\\\/fr\\\/engagement-social-et-environnemental\\\/journee-grand-nettoyage-en-famille-a-boucherville-et-a-sept-iles\\\/#breadcrumb\",\"itemListElement\":[{\"@type\":\"ListItem\",\"position\":1,\"name\":\"Accueil\",\"item\":\"https:\\\/\\\/arteliagroup.ca\\\/fr\\\/\"},{\"@type\":\"ListItem\",\"position\":2,\"name\":\"Journ\u00e9e Grand nettoyage en famille \u00e0 Boucherville et \u00e0 Sept-\u00celes\"}]},{\"@type\":\"WebSite\",\"@id\":\"https:\\\/\\\/arteliagroup.ca\\\/fr\\\/#website\",\"url\":\"https:\\\/\\\/arteliagroup.ca\\\/fr\\\/\",\"name\":\"Artelia\",\"description\":\"CR\u00c9ER DES SOLUTIONS POUR UNE VIE POSITIVE\",\"publisher\":{\"@id\":\"https:\\\/\\\/arteliagroup.ca\\\/fr\\\/#organization\"},\"alternateName\":\"Artelia Canada\",\"potentialAction\":[{\"@type\":\"SearchAction\",\"target\":{\"@type\":\"EntryPoint\",\"urlTemplate\":\"https:\\\/\\\/arteliagroup.ca\\\/fr\\\/?s={search_term_string}\"},\"query-input\":{\"@type\":\"PropertyValueSpecification\",\"valueRequired\":true,\"valueName\":\"search_term_string\"}}],\"inLanguage\":\"fr-FR\"},{\"@type\":\"Organization\",\"@id\":\"https:\\\/\\\/arteliagroup.ca\\\/fr\\\/#organization\",\"name\":\"Artelia\",\"alternateName\":\"Artelia Canada\",\"url\":\"https:\\\/\\\/arteliagroup.ca\\\/fr\\\/\",\"logo\":{\"@type\":\"ImageObject\",\"inLanguage\":\"fr-FR\",\"@id\":\"https:\\\/\\\/arteliagroup.ca\\\/fr\\\/#\\\/schema\\\/logo\\\/image\\\/\",\"url\":\"https:\\\/\\\/arteliagroup.ca\\\/wp-content\\\/uploads\\\/2024\\\/07\\\/ARTELIA_couleur_WEB.svg\",\"contentUrl\":\"https:\\\/\\\/arteliagroup.ca\\\/wp-content\\\/uploads\\\/2024\\\/07\\\/ARTELIA_couleur_WEB.svg\",\"width\":300,\"height\":91,\"caption\":\"Artelia\"},\"image\":{\"@id\":\"https:\\\/\\\/arteliagroup.ca\\\/fr\\\/#\\\/schema\\\/logo\\\/image\\\/\"},\"sameAs\":[\"https:\\\/\\\/www.linkedin.com\\\/company\\\/artelia-canada\\\/\"]},{\"@type\":\"Person\",\"@id\":\"https:\\\/\\\/arteliagroup.ca\\\/fr\\\/#\\\/schema\\\/person\\\/ca3fb84911582214cd4b17a17abb945b\",\"name\":\"bmounie\",\"image\":{\"@type\":\"ImageObject\",\"inLanguage\":\"fr-FR\",\"@id\":\"https:\\\/\\\/secure.gravatar.com\\\/avatar\\\/506218f900d94738f4c2446bd47137d28f751b37412f4784166b70a75dfb6af4?s=96&d=mm&r=g\",\"url\":\"https:\\\/\\\/secure.gravatar.com\\\/avatar\\\/506218f900d94738f4c2446bd47137d28f751b37412f4784166b70a75dfb6af4?s=96&d=mm&r=g\",\"contentUrl\":\"https:\\\/\\\/secure.gravatar.com\\\/avatar\\\/506218f900d94738f4c2446bd47137d28f751b37412f4784166b70a75dfb6af4?s=96&d=mm&r=g\",\"caption\":\"bmounie\"},\"sameAs\":[\"https:\\\/\\\/arteliagroup.ca\"]}]}<\/script>\n<!-- \/ Yoast SEO plugin. -->","yoast_head_json":{"title":"Journ\u00e9e Grand nettoyage en famille \u00e0 Boucherville et \u00e0 Sept-\u00celes - Artelia","description":"Plusieurs ont souhait\u00e9 vivre l\u2019exp\u00e9rience en famille et il \u00e9tait inspirant de voir petits et grands travailler fort!","robots":{"index":"index","follow":"follow","max-snippet":"max-snippet:-1","max-image-preview":"max-image-preview:large","max-video-preview":"max-video-preview:-1"},"canonical":"https:\/\/arteliagroup.ca\/fr\/engagement-social-et-environnemental\/journee-grand-nettoyage-en-famille-a-boucherville-et-a-sept-iles\/","og_locale":"fr_CA","og_type":"article","og_title":"Journ\u00e9e Grand nettoyage en famille \u00e0 Boucherville et \u00e0 Sept-\u00celes - Artelia","og_description":"Plusieurs ont souhait\u00e9 vivre l\u2019exp\u00e9rience en famille et il \u00e9tait inspirant de voir petits et grands travailler fort!","og_url":"https:\/\/arteliagroup.ca\/fr\/engagement-social-et-environnemental\/journee-grand-nettoyage-en-famille-a-boucherville-et-a-sept-iles\/","og_site_name":"Artelia","article_publisher":"https:\/\/www.linkedin.com\/company\/artelia-canada\/","article_published_time":"2023-09-30T15:47:06+00:00","article_modified_time":"2026-01-19T16:59:50+00:00","og_image":[{"width":702,"height":440,"url":"https:\/\/arteliagroup.ca\/wp-content\/uploads\/2023\/09\/Grand-nettoyage-1000tonnes_FR_V1.avif","type":"image\/jpeg"}],"author":"bmounie","twitter_card":"summary_large_image","twitter_misc":{"\u00c9crit par":"bmounie","Estimation du temps de lecture":"2 minutes"},"schema":{"@context":"https:\/\/schema.org","@graph":[{"@type":"Article","@id":"https:\/\/arteliagroup.ca\/fr\/engagement-social-et-environnemental\/journee-grand-nettoyage-en-famille-a-boucherville-et-a-sept-iles\/#article","isPartOf":{"@id":"https:\/\/arteliagroup.ca\/fr\/engagement-social-et-environnemental\/journee-grand-nettoyage-en-famille-a-boucherville-et-a-sept-iles\/"},"author":{"name":"bmounie","@id":"https:\/\/arteliagroup.ca\/fr\/#\/schema\/person\/ca3fb84911582214cd4b17a17abb945b"},"headline":"Journ\u00e9e Grand nettoyage en famille \u00e0 Boucherville et \u00e0 Sept-\u00celes","datePublished":"2023-09-30T15:47:06+00:00","dateModified":"2026-01-19T16:59:50+00:00","mainEntityOfPage":{"@id":"https:\/\/arteliagroup.ca\/fr\/engagement-social-et-environnemental\/journee-grand-nettoyage-en-famille-a-boucherville-et-a-sept-iles\/"},"wordCount":10,"publisher":{"@id":"https:\/\/arteliagroup.ca\/fr\/#organization"},"image":{"@id":"https:\/\/arteliagroup.ca\/fr\/engagement-social-et-environnemental\/journee-grand-nettoyage-en-famille-a-boucherville-et-a-sept-iles\/#primaryimage"},"thumbnailUrl":"https:\/\/arteliagroup.ca\/wp-content\/uploads\/2023\/09\/Grand-nettoyage-1000tonnes_FR_V1.avif","articleSection":["Engagement social et environnemental"],"inLanguage":"fr-FR"},{"@type":"WebPage","@id":"https:\/\/arteliagroup.ca\/fr\/engagement-social-et-environnemental\/journee-grand-nettoyage-en-famille-a-boucherville-et-a-sept-iles\/","url":"https:\/\/arteliagroup.ca\/fr\/engagement-social-et-environnemental\/journee-grand-nettoyage-en-famille-a-boucherville-et-a-sept-iles\/","name":"Journ\u00e9e Grand nettoyage en famille \u00e0 Boucherville et \u00e0 Sept-\u00celes - Artelia","isPartOf":{"@id":"https:\/\/arteliagroup.ca\/fr\/#website"},"primaryImageOfPage":{"@id":"https:\/\/arteliagroup.ca\/fr\/engagement-social-et-environnemental\/journee-grand-nettoyage-en-famille-a-boucherville-et-a-sept-iles\/#primaryimage"},"image":{"@id":"https:\/\/arteliagroup.ca\/fr\/engagement-social-et-environnemental\/journee-grand-nettoyage-en-famille-a-boucherville-et-a-sept-iles\/#primaryimage"},"thumbnailUrl":"https:\/\/arteliagroup.ca\/wp-content\/uploads\/2023\/09\/Grand-nettoyage-1000tonnes_FR_V1.avif","datePublished":"2023-09-30T15:47:06+00:00","dateModified":"2026-01-19T16:59:50+00:00","description":"Plusieurs ont souhait\u00e9 vivre l\u2019exp\u00e9rience en famille et il \u00e9tait inspirant de voir petits et grands travailler fort!","breadcrumb":{"@id":"https:\/\/arteliagroup.ca\/fr\/engagement-social-et-environnemental\/journee-grand-nettoyage-en-famille-a-boucherville-et-a-sept-iles\/#breadcrumb"},"inLanguage":"fr-FR","potentialAction":[{"@type":"ReadAction","target":["https:\/\/arteliagroup.ca\/fr\/engagement-social-et-environnemental\/journee-grand-nettoyage-en-famille-a-boucherville-et-a-sept-iles\/"]}]},{"@type":"ImageObject","inLanguage":"fr-FR","@id":"https:\/\/arteliagroup.ca\/fr\/engagement-social-et-environnemental\/journee-grand-nettoyage-en-famille-a-boucherville-et-a-sept-iles\/#primaryimage","url":"https:\/\/arteliagroup.ca\/wp-content\/uploads\/2023\/09\/Grand-nettoyage-1000tonnes_FR_V1.avif","contentUrl":"https:\/\/arteliagroup.ca\/wp-content\/uploads\/2023\/09\/Grand-nettoyage-1000tonnes_FR_V1.avif","width":702,"height":440,"caption":"Plusieurs ont souhait\u00e9 vivre l\u2019exp\u00e9rience en famille et il \u00e9tait inspirant de voir petits et grands travailler fort!"},{"@type":"BreadcrumbList","@id":"https:\/\/arteliagroup.ca\/fr\/engagement-social-et-environnemental\/journee-grand-nettoyage-en-famille-a-boucherville-et-a-sept-iles\/#breadcrumb","itemListElement":[{"@type":"ListItem","position":1,"name":"Accueil","item":"https:\/\/arteliagroup.ca\/fr\/"},{"@type":"ListItem","position":2,"name":"Journ\u00e9e Grand nettoyage en famille \u00e0 Boucherville et \u00e0 Sept-\u00celes"}]},{"@type":"WebSite","@id":"https:\/\/arteliagroup.ca\/fr\/#website","url":"https:\/\/arteliagroup.ca\/fr\/","name":"Artelia","description":"CR\u00c9ER DES SOLUTIONS POUR UNE VIE POSITIVE","publisher":{"@id":"https:\/\/arteliagroup.ca\/fr\/#organization"},"alternateName":"Artelia Canada","potentialAction":[{"@type":"SearchAction","target":{"@type":"EntryPoint","urlTemplate":"https:\/\/arteliagroup.ca\/fr\/?s={search_term_string}"},"query-input":{"@type":"PropertyValueSpecification","valueRequired":true,"valueName":"search_term_string"}}],"inLanguage":"fr-FR"},{"@type":"Organization","@id":"https:\/\/arteliagroup.ca\/fr\/#organization","name":"Artelia","alternateName":"Artelia Canada","url":"https:\/\/arteliagroup.ca\/fr\/","logo":{"@type":"ImageObject","inLanguage":"fr-FR","@id":"https:\/\/arteliagroup.ca\/fr\/#\/schema\/logo\/image\/","url":"https:\/\/arteliagroup.ca\/wp-content\/uploads\/2024\/07\/ARTELIA_couleur_WEB.svg","contentUrl":"https:\/\/arteliagroup.ca\/wp-content\/uploads\/2024\/07\/ARTELIA_couleur_WEB.svg","width":300,"height":91,"caption":"Artelia"},"image":{"@id":"https:\/\/arteliagroup.ca\/fr\/#\/schema\/logo\/image\/"},"sameAs":["https:\/\/www.linkedin.com\/company\/artelia-canada\/"]},{"@type":"Person","@id":"https:\/\/arteliagroup.ca\/fr\/#\/schema\/person\/ca3fb84911582214cd4b17a17abb945b","name":"bmounie","image":{"@type":"ImageObject","inLanguage":"fr-FR","@id":"https:\/\/secure.gravatar.com\/avatar\/506218f900d94738f4c2446bd47137d28f751b37412f4784166b70a75dfb6af4?s=96&d=mm&r=g","url":"https:\/\/secure.gravatar.com\/avatar\/506218f900d94738f4c2446bd47137d28f751b37412f4784166b70a75dfb6af4?s=96&d=mm&r=g","contentUrl":"https:\/\/secure.gravatar.com\/avatar\/506218f900d94738f4c2446bd47137d28f751b37412f4784166b70a75dfb6af4?s=96&d=mm&r=g","caption":"bmounie"},"sameAs":["https:\/\/arteliagroup.ca"]}]}},"_links":{"self":[{"href":"https:\/\/arteliagroup.ca\/fr\/wp-json\/wp\/v2\/posts\/20677","targetHints":{"allow":["GET"]}}],"collection":[{"href":"https:\/\/arteliagroup.ca\/fr\/wp-json\/wp\/v2\/posts"}],"about":[{"href":"https:\/\/arteliagroup.ca\/fr\/wp-json\/wp\/v2\/types\/post"}],"author":[{"embeddable":true,"href":"https:\/\/arteliagroup.ca\/fr\/wp-json\/wp\/v2\/users\/1"}],"replies":[{"embeddable":true,"href":"https:\/\/arteliagroup.ca\/fr\/wp-json\/wp\/v2\/comments?post=20677"}],"version-history":[{"count":3,"href":"https:\/\/arteliagroup.ca\/fr\/wp-json\/wp\/v2\/posts\/20677\/revisions"}],"predecessor-version":[{"id":33964,"href":"https:\/\/arteliagroup.ca\/fr\/wp-json\/wp\/v2\/posts\/20677\/revisions\/33964"}],"wp:featuredmedia":[{"embeddable":true,"href":"https:\/\/arteliagroup.ca\/fr\/wp-json\/wp\/v2\/media\/33965"}],"wp:attachment":[{"href":"https:\/\/arteliagroup.ca\/fr\/wp-json\/wp\/v2\/media?parent=20677"}],"wp:term":[{"taxonomy":"category","embeddable":true,"href":"https:\/\/arteliagroup.ca\/fr\/wp-json\/wp\/v2\/categories?post=20677"},{"taxonomy":"post_tag","embeddable":true,"href":"https:\/\/arteliagroup.ca\/fr\/wp-json\/wp\/v2\/tags?post=20677"}],"curies":[{"name":"wp","href":"https:\/\/api.w.org\/{rel}","templated":true}]}}