{"id":24239,"date":"2024-10-22T14:19:24","date_gmt":"2024-10-22T18:19:24","guid":{"rendered":"https:\/\/arteliagroup.ca\/?p=24239"},"modified":"2024-12-27T13:12:55","modified_gmt":"2024-12-27T18:12:55","slug":"artelia-realisera-letude-de-conception-pour-le-plus-grand-projet-dinfrastructure-verte-de-montreal","status":"publish","type":"post","link":"https:\/\/arteliagroup.ca\/fr\/expertises\/artelia-realisera-letude-de-conception-pour-le-plus-grand-projet-dinfrastructure-verte-de-montreal\/","title":{"rendered":"Artelia r\u00e9alisera l\u2019\u00e9tude de conception pour le plus grand projet d\u2019infrastructure verte de Montr\u00e9al"},"content":{"rendered":"","protected":false},"excerpt":{"rendered":"<p>Artelia est fier d&rsquo;accompagner la Ville de Montr\u00e9al pour la conception de l&rsquo;usine de traitement et valorisation des boues \u00e0 la station Jean-R.-Marcotte.<\/p>\n","protected":false},"author":4,"featured_media":24242,"comment_status":"closed","ping_status":"closed","sticky":false,"template":"","format":"standard","meta":{"_acf_changed":false,"footnotes":""},"categories":[44],"tags":[],"class_list":["post-24239","post","type-post","status-publish","format-standard","has-post-thumbnail","hentry","category-expertises"],"acf":[],"yoast_head":"<!-- This site is optimized with the Yoast SEO plugin v27.5 - https:\/\/yoast.com\/product\/yoast-seo-wordpress\/ -->\n<title>Artelia r\u00e9alisera l\u2019\u00e9tude de conception pour le plus grand projet d\u2019infrastructure verte de Montr\u00e9al - Artelia<\/title>\n<meta name=\"description\" content=\"Un projet porteur pour mettre \u00e0 profit notre expertise unique en mati\u00e8re de gestion des boues et de production d\u2019\u00e9nergie verte.\" \/>\n<meta name=\"robots\" content=\"index, follow, max-snippet:-1, max-image-preview:large, max-video-preview:-1\" \/>\n<link rel=\"canonical\" href=\"https:\/\/arteliagroup.ca\/fr\/expertises\/artelia-realisera-letude-de-conception-pour-le-plus-grand-projet-dinfrastructure-verte-de-montreal\/\" \/>\n<meta property=\"og:locale\" content=\"fr_CA\" \/>\n<meta property=\"og:type\" content=\"article\" \/>\n<meta property=\"og:title\" content=\"Artelia r\u00e9alisera l\u2019\u00e9tude de conception pour le plus grand projet d\u2019infrastructure verte de Montr\u00e9al - Artelia\" \/>\n<meta property=\"og:description\" content=\"Un projet porteur pour mettre \u00e0 profit notre expertise unique en mati\u00e8re de gestion des boues et de production d\u2019\u00e9nergie verte.\" \/>\n<meta property=\"og:url\" content=\"https:\/\/arteliagroup.ca\/fr\/expertises\/artelia-realisera-letude-de-conception-pour-le-plus-grand-projet-dinfrastructure-verte-de-montreal\/\" \/>\n<meta property=\"og:site_name\" content=\"Artelia\" \/>\n<meta property=\"article:publisher\" content=\"https:\/\/www.linkedin.com\/company\/artelia-canada\/\" \/>\n<meta property=\"article:published_time\" content=\"2024-10-22T18:19:24+00:00\" \/>\n<meta property=\"article:modified_time\" content=\"2024-12-27T18:12:55+00:00\" \/>\n<meta property=\"og:image\" content=\"https:\/\/arteliagroup.ca\/wp-content\/uploads\/2024\/12\/2024-10-22-J-R-Marcotte_v.avif\" \/>\n\t<meta property=\"og:image:width\" content=\"702\" \/>\n\t<meta property=\"og:image:height\" content=\"440\" \/>\n\t<meta property=\"og:image:type\" content=\"image\/jpeg\" \/>\n<meta name=\"author\" content=\"Pascale Laganiere\" \/>\n<meta name=\"twitter:card\" content=\"summary_large_image\" \/>\n<meta name=\"twitter:label1\" content=\"\u00c9crit par\" \/>\n\t<meta name=\"twitter:data1\" content=\"Pascale Laganiere\" \/>\n\t<meta name=\"twitter:label2\" content=\"Estimation du temps de lecture\" \/>\n\t<meta name=\"twitter:data2\" content=\"3 minutes\" \/>\n<script type=\"application\/ld+json\" class=\"yoast-schema-graph\">{\"@context\":\"https:\\\/\\\/schema.org\",\"@graph\":[{\"@type\":\"Article\",\"@id\":\"https:\\\/\\\/arteliagroup.ca\\\/fr\\\/expertises\\\/artelia-realisera-letude-de-conception-pour-le-plus-grand-projet-dinfrastructure-verte-de-montreal\\\/#article\",\"isPartOf\":{\"@id\":\"https:\\\/\\\/arteliagroup.ca\\\/fr\\\/expertises\\\/artelia-realisera-letude-de-conception-pour-le-plus-grand-projet-dinfrastructure-verte-de-montreal\\\/\"},\"author\":{\"name\":\"Pascale Laganiere\",\"@id\":\"https:\\\/\\\/arteliagroup.ca\\\/fr\\\/#\\\/schema\\\/person\\\/9cc22d42ea1efd2bf684f6a561570d7f\"},\"headline\":\"Artelia r\u00e9alisera l\u2019\u00e9tude de conception pour le plus grand projet d\u2019infrastructure verte de Montr\u00e9al\",\"datePublished\":\"2024-10-22T18:19:24+00:00\",\"dateModified\":\"2024-12-27T18:12:55+00:00\",\"mainEntityOfPage\":{\"@id\":\"https:\\\/\\\/arteliagroup.ca\\\/fr\\\/expertises\\\/artelia-realisera-letude-de-conception-pour-le-plus-grand-projet-dinfrastructure-verte-de-montreal\\\/\"},\"wordCount\":18,\"publisher\":{\"@id\":\"https:\\\/\\\/arteliagroup.ca\\\/fr\\\/#organization\"},\"image\":{\"@id\":\"https:\\\/\\\/arteliagroup.ca\\\/fr\\\/expertises\\\/artelia-realisera-letude-de-conception-pour-le-plus-grand-projet-dinfrastructure-verte-de-montreal\\\/#primaryimage\"},\"thumbnailUrl\":\"https:\\\/\\\/arteliagroup.ca\\\/wp-content\\\/uploads\\\/2024\\\/12\\\/2024-10-22-J-R-Marcotte_v.avif\",\"articleSection\":[\"Expertises\"],\"inLanguage\":\"fr-FR\"},{\"@type\":\"WebPage\",\"@id\":\"https:\\\/\\\/arteliagroup.ca\\\/fr\\\/expertises\\\/artelia-realisera-letude-de-conception-pour-le-plus-grand-projet-dinfrastructure-verte-de-montreal\\\/\",\"url\":\"https:\\\/\\\/arteliagroup.ca\\\/fr\\\/expertises\\\/artelia-realisera-letude-de-conception-pour-le-plus-grand-projet-dinfrastructure-verte-de-montreal\\\/\",\"name\":\"Artelia r\u00e9alisera l\u2019\u00e9tude de conception pour le plus grand projet d\u2019infrastructure verte de Montr\u00e9al - Artelia\",\"isPartOf\":{\"@id\":\"https:\\\/\\\/arteliagroup.ca\\\/fr\\\/#website\"},\"primaryImageOfPage\":{\"@id\":\"https:\\\/\\\/arteliagroup.ca\\\/fr\\\/expertises\\\/artelia-realisera-letude-de-conception-pour-le-plus-grand-projet-dinfrastructure-verte-de-montreal\\\/#primaryimage\"},\"image\":{\"@id\":\"https:\\\/\\\/arteliagroup.ca\\\/fr\\\/expertises\\\/artelia-realisera-letude-de-conception-pour-le-plus-grand-projet-dinfrastructure-verte-de-montreal\\\/#primaryimage\"},\"thumbnailUrl\":\"https:\\\/\\\/arteliagroup.ca\\\/wp-content\\\/uploads\\\/2024\\\/12\\\/2024-10-22-J-R-Marcotte_v.avif\",\"datePublished\":\"2024-10-22T18:19:24+00:00\",\"dateModified\":\"2024-12-27T18:12:55+00:00\",\"description\":\"Un projet porteur pour mettre \u00e0 profit notre expertise unique en mati\u00e8re de gestion des boues et de production d\u2019\u00e9nergie verte.\",\"breadcrumb\":{\"@id\":\"https:\\\/\\\/arteliagroup.ca\\\/fr\\\/expertises\\\/artelia-realisera-letude-de-conception-pour-le-plus-grand-projet-dinfrastructure-verte-de-montreal\\\/#breadcrumb\"},\"inLanguage\":\"fr-FR\",\"potentialAction\":[{\"@type\":\"ReadAction\",\"target\":[\"https:\\\/\\\/arteliagroup.ca\\\/fr\\\/expertises\\\/artelia-realisera-letude-de-conception-pour-le-plus-grand-projet-dinfrastructure-verte-de-montreal\\\/\"]}]},{\"@type\":\"ImageObject\",\"inLanguage\":\"fr-FR\",\"@id\":\"https:\\\/\\\/arteliagroup.ca\\\/fr\\\/expertises\\\/artelia-realisera-letude-de-conception-pour-le-plus-grand-projet-dinfrastructure-verte-de-montreal\\\/#primaryimage\",\"url\":\"https:\\\/\\\/arteliagroup.ca\\\/wp-content\\\/uploads\\\/2024\\\/12\\\/2024-10-22-J-R-Marcotte_v.avif\",\"contentUrl\":\"https:\\\/\\\/arteliagroup.ca\\\/wp-content\\\/uploads\\\/2024\\\/12\\\/2024-10-22-J-R-Marcotte_v.avif\",\"width\":702,\"height\":440},{\"@type\":\"BreadcrumbList\",\"@id\":\"https:\\\/\\\/arteliagroup.ca\\\/fr\\\/expertises\\\/artelia-realisera-letude-de-conception-pour-le-plus-grand-projet-dinfrastructure-verte-de-montreal\\\/#breadcrumb\",\"itemListElement\":[{\"@type\":\"ListItem\",\"position\":1,\"name\":\"Accueil\",\"item\":\"https:\\\/\\\/arteliagroup.ca\\\/fr\\\/\"},{\"@type\":\"ListItem\",\"position\":2,\"name\":\"Artelia r\u00e9alisera l\u2019\u00e9tude de conception pour le plus grand projet d\u2019infrastructure verte de Montr\u00e9al\"}]},{\"@type\":\"WebSite\",\"@id\":\"https:\\\/\\\/arteliagroup.ca\\\/fr\\\/#website\",\"url\":\"https:\\\/\\\/arteliagroup.ca\\\/fr\\\/\",\"name\":\"Artelia\",\"description\":\"CR\u00c9ER DES SOLUTIONS POUR UNE VIE POSITIVE\",\"publisher\":{\"@id\":\"https:\\\/\\\/arteliagroup.ca\\\/fr\\\/#organization\"},\"alternateName\":\"Artelia Canada\",\"potentialAction\":[{\"@type\":\"SearchAction\",\"target\":{\"@type\":\"EntryPoint\",\"urlTemplate\":\"https:\\\/\\\/arteliagroup.ca\\\/fr\\\/?s={search_term_string}\"},\"query-input\":{\"@type\":\"PropertyValueSpecification\",\"valueRequired\":true,\"valueName\":\"search_term_string\"}}],\"inLanguage\":\"fr-FR\"},{\"@type\":\"Organization\",\"@id\":\"https:\\\/\\\/arteliagroup.ca\\\/fr\\\/#organization\",\"name\":\"Artelia\",\"alternateName\":\"Artelia Canada\",\"url\":\"https:\\\/\\\/arteliagroup.ca\\\/fr\\\/\",\"logo\":{\"@type\":\"ImageObject\",\"inLanguage\":\"fr-FR\",\"@id\":\"https:\\\/\\\/arteliagroup.ca\\\/fr\\\/#\\\/schema\\\/logo\\\/image\\\/\",\"url\":\"https:\\\/\\\/arteliagroup.ca\\\/wp-content\\\/uploads\\\/2024\\\/07\\\/ARTELIA_couleur_WEB.svg\",\"contentUrl\":\"https:\\\/\\\/arteliagroup.ca\\\/wp-content\\\/uploads\\\/2024\\\/07\\\/ARTELIA_couleur_WEB.svg\",\"width\":300,\"height\":91,\"caption\":\"Artelia\"},\"image\":{\"@id\":\"https:\\\/\\\/arteliagroup.ca\\\/fr\\\/#\\\/schema\\\/logo\\\/image\\\/\"},\"sameAs\":[\"https:\\\/\\\/www.linkedin.com\\\/company\\\/artelia-canada\\\/\"]},{\"@type\":\"Person\",\"@id\":\"https:\\\/\\\/arteliagroup.ca\\\/fr\\\/#\\\/schema\\\/person\\\/9cc22d42ea1efd2bf684f6a561570d7f\",\"name\":\"Pascale Laganiere\",\"image\":{\"@type\":\"ImageObject\",\"inLanguage\":\"fr-FR\",\"@id\":\"https:\\\/\\\/secure.gravatar.com\\\/avatar\\\/20f455b92e33c0d2a1796cdffd5428bba2c73d5dd4d3e7bc77244b8ee81fedec?s=96&d=mm&r=g\",\"url\":\"https:\\\/\\\/secure.gravatar.com\\\/avatar\\\/20f455b92e33c0d2a1796cdffd5428bba2c73d5dd4d3e7bc77244b8ee81fedec?s=96&d=mm&r=g\",\"contentUrl\":\"https:\\\/\\\/secure.gravatar.com\\\/avatar\\\/20f455b92e33c0d2a1796cdffd5428bba2c73d5dd4d3e7bc77244b8ee81fedec?s=96&d=mm&r=g\",\"caption\":\"Pascale Laganiere\"}}]}<\/script>\n<!-- \/ Yoast SEO plugin. -->","yoast_head_json":{"title":"Artelia r\u00e9alisera l\u2019\u00e9tude de conception pour le plus grand projet d\u2019infrastructure verte de Montr\u00e9al - Artelia","description":"Un projet porteur pour mettre \u00e0 profit notre expertise unique en mati\u00e8re de gestion des boues et de production d\u2019\u00e9nergie verte.","robots":{"index":"index","follow":"follow","max-snippet":"max-snippet:-1","max-image-preview":"max-image-preview:large","max-video-preview":"max-video-preview:-1"},"canonical":"https:\/\/arteliagroup.ca\/fr\/expertises\/artelia-realisera-letude-de-conception-pour-le-plus-grand-projet-dinfrastructure-verte-de-montreal\/","og_locale":"fr_CA","og_type":"article","og_title":"Artelia r\u00e9alisera l\u2019\u00e9tude de conception pour le plus grand projet d\u2019infrastructure verte de Montr\u00e9al - Artelia","og_description":"Un projet porteur pour mettre \u00e0 profit notre expertise unique en mati\u00e8re de gestion des boues et de production d\u2019\u00e9nergie verte.","og_url":"https:\/\/arteliagroup.ca\/fr\/expertises\/artelia-realisera-letude-de-conception-pour-le-plus-grand-projet-dinfrastructure-verte-de-montreal\/","og_site_name":"Artelia","article_publisher":"https:\/\/www.linkedin.com\/company\/artelia-canada\/","article_published_time":"2024-10-22T18:19:24+00:00","article_modified_time":"2024-12-27T18:12:55+00:00","og_image":[{"width":702,"height":440,"url":"https:\/\/arteliagroup.ca\/wp-content\/uploads\/2024\/12\/2024-10-22-J-R-Marcotte_v.avif","type":"image\/jpeg"}],"author":"Pascale Laganiere","twitter_card":"summary_large_image","twitter_misc":{"\u00c9crit par":"Pascale Laganiere","Estimation du temps de lecture":"3 minutes"},"schema":{"@context":"https:\/\/schema.org","@graph":[{"@type":"Article","@id":"https:\/\/arteliagroup.ca\/fr\/expertises\/artelia-realisera-letude-de-conception-pour-le-plus-grand-projet-dinfrastructure-verte-de-montreal\/#article","isPartOf":{"@id":"https:\/\/arteliagroup.ca\/fr\/expertises\/artelia-realisera-letude-de-conception-pour-le-plus-grand-projet-dinfrastructure-verte-de-montreal\/"},"author":{"name":"Pascale Laganiere","@id":"https:\/\/arteliagroup.ca\/fr\/#\/schema\/person\/9cc22d42ea1efd2bf684f6a561570d7f"},"headline":"Artelia r\u00e9alisera l\u2019\u00e9tude de conception pour le plus grand projet d\u2019infrastructure verte de Montr\u00e9al","datePublished":"2024-10-22T18:19:24+00:00","dateModified":"2024-12-27T18:12:55+00:00","mainEntityOfPage":{"@id":"https:\/\/arteliagroup.ca\/fr\/expertises\/artelia-realisera-letude-de-conception-pour-le-plus-grand-projet-dinfrastructure-verte-de-montreal\/"},"wordCount":18,"publisher":{"@id":"https:\/\/arteliagroup.ca\/fr\/#organization"},"image":{"@id":"https:\/\/arteliagroup.ca\/fr\/expertises\/artelia-realisera-letude-de-conception-pour-le-plus-grand-projet-dinfrastructure-verte-de-montreal\/#primaryimage"},"thumbnailUrl":"https:\/\/arteliagroup.ca\/wp-content\/uploads\/2024\/12\/2024-10-22-J-R-Marcotte_v.avif","articleSection":["Expertises"],"inLanguage":"fr-FR"},{"@type":"WebPage","@id":"https:\/\/arteliagroup.ca\/fr\/expertises\/artelia-realisera-letude-de-conception-pour-le-plus-grand-projet-dinfrastructure-verte-de-montreal\/","url":"https:\/\/arteliagroup.ca\/fr\/expertises\/artelia-realisera-letude-de-conception-pour-le-plus-grand-projet-dinfrastructure-verte-de-montreal\/","name":"Artelia r\u00e9alisera l\u2019\u00e9tude de conception pour le plus grand projet d\u2019infrastructure verte de Montr\u00e9al - Artelia","isPartOf":{"@id":"https:\/\/arteliagroup.ca\/fr\/#website"},"primaryImageOfPage":{"@id":"https:\/\/arteliagroup.ca\/fr\/expertises\/artelia-realisera-letude-de-conception-pour-le-plus-grand-projet-dinfrastructure-verte-de-montreal\/#primaryimage"},"image":{"@id":"https:\/\/arteliagroup.ca\/fr\/expertises\/artelia-realisera-letude-de-conception-pour-le-plus-grand-projet-dinfrastructure-verte-de-montreal\/#primaryimage"},"thumbnailUrl":"https:\/\/arteliagroup.ca\/wp-content\/uploads\/2024\/12\/2024-10-22-J-R-Marcotte_v.avif","datePublished":"2024-10-22T18:19:24+00:00","dateModified":"2024-12-27T18:12:55+00:00","description":"Un projet porteur pour mettre \u00e0 profit notre expertise unique en mati\u00e8re de gestion des boues et de production d\u2019\u00e9nergie verte.","breadcrumb":{"@id":"https:\/\/arteliagroup.ca\/fr\/expertises\/artelia-realisera-letude-de-conception-pour-le-plus-grand-projet-dinfrastructure-verte-de-montreal\/#breadcrumb"},"inLanguage":"fr-FR","potentialAction":[{"@type":"ReadAction","target":["https:\/\/arteliagroup.ca\/fr\/expertises\/artelia-realisera-letude-de-conception-pour-le-plus-grand-projet-dinfrastructure-verte-de-montreal\/"]}]},{"@type":"ImageObject","inLanguage":"fr-FR","@id":"https:\/\/arteliagroup.ca\/fr\/expertises\/artelia-realisera-letude-de-conception-pour-le-plus-grand-projet-dinfrastructure-verte-de-montreal\/#primaryimage","url":"https:\/\/arteliagroup.ca\/wp-content\/uploads\/2024\/12\/2024-10-22-J-R-Marcotte_v.avif","contentUrl":"https:\/\/arteliagroup.ca\/wp-content\/uploads\/2024\/12\/2024-10-22-J-R-Marcotte_v.avif","width":702,"height":440},{"@type":"BreadcrumbList","@id":"https:\/\/arteliagroup.ca\/fr\/expertises\/artelia-realisera-letude-de-conception-pour-le-plus-grand-projet-dinfrastructure-verte-de-montreal\/#breadcrumb","itemListElement":[{"@type":"ListItem","position":1,"name":"Accueil","item":"https:\/\/arteliagroup.ca\/fr\/"},{"@type":"ListItem","position":2,"name":"Artelia r\u00e9alisera l\u2019\u00e9tude de conception pour le plus grand projet d\u2019infrastructure verte de Montr\u00e9al"}]},{"@type":"WebSite","@id":"https:\/\/arteliagroup.ca\/fr\/#website","url":"https:\/\/arteliagroup.ca\/fr\/","name":"Artelia","description":"CR\u00c9ER DES SOLUTIONS POUR UNE VIE POSITIVE","publisher":{"@id":"https:\/\/arteliagroup.ca\/fr\/#organization"},"alternateName":"Artelia Canada","potentialAction":[{"@type":"SearchAction","target":{"@type":"EntryPoint","urlTemplate":"https:\/\/arteliagroup.ca\/fr\/?s={search_term_string}"},"query-input":{"@type":"PropertyValueSpecification","valueRequired":true,"valueName":"search_term_string"}}],"inLanguage":"fr-FR"},{"@type":"Organization","@id":"https:\/\/arteliagroup.ca\/fr\/#organization","name":"Artelia","alternateName":"Artelia Canada","url":"https:\/\/arteliagroup.ca\/fr\/","logo":{"@type":"ImageObject","inLanguage":"fr-FR","@id":"https:\/\/arteliagroup.ca\/fr\/#\/schema\/logo\/image\/","url":"https:\/\/arteliagroup.ca\/wp-content\/uploads\/2024\/07\/ARTELIA_couleur_WEB.svg","contentUrl":"https:\/\/arteliagroup.ca\/wp-content\/uploads\/2024\/07\/ARTELIA_couleur_WEB.svg","width":300,"height":91,"caption":"Artelia"},"image":{"@id":"https:\/\/arteliagroup.ca\/fr\/#\/schema\/logo\/image\/"},"sameAs":["https:\/\/www.linkedin.com\/company\/artelia-canada\/"]},{"@type":"Person","@id":"https:\/\/arteliagroup.ca\/fr\/#\/schema\/person\/9cc22d42ea1efd2bf684f6a561570d7f","name":"Pascale Laganiere","image":{"@type":"ImageObject","inLanguage":"fr-FR","@id":"https:\/\/secure.gravatar.com\/avatar\/20f455b92e33c0d2a1796cdffd5428bba2c73d5dd4d3e7bc77244b8ee81fedec?s=96&d=mm&r=g","url":"https:\/\/secure.gravatar.com\/avatar\/20f455b92e33c0d2a1796cdffd5428bba2c73d5dd4d3e7bc77244b8ee81fedec?s=96&d=mm&r=g","contentUrl":"https:\/\/secure.gravatar.com\/avatar\/20f455b92e33c0d2a1796cdffd5428bba2c73d5dd4d3e7bc77244b8ee81fedec?s=96&d=mm&r=g","caption":"Pascale Laganiere"}}]}},"_links":{"self":[{"href":"https:\/\/arteliagroup.ca\/fr\/wp-json\/wp\/v2\/posts\/24239","targetHints":{"allow":["GET"]}}],"collection":[{"href":"https:\/\/arteliagroup.ca\/fr\/wp-json\/wp\/v2\/posts"}],"about":[{"href":"https:\/\/arteliagroup.ca\/fr\/wp-json\/wp\/v2\/types\/post"}],"author":[{"embeddable":true,"href":"https:\/\/arteliagroup.ca\/fr\/wp-json\/wp\/v2\/users\/4"}],"replies":[{"embeddable":true,"href":"https:\/\/arteliagroup.ca\/fr\/wp-json\/wp\/v2\/comments?post=24239"}],"version-history":[{"count":3,"href":"https:\/\/arteliagroup.ca\/fr\/wp-json\/wp\/v2\/posts\/24239\/revisions"}],"predecessor-version":[{"id":24684,"href":"https:\/\/arteliagroup.ca\/fr\/wp-json\/wp\/v2\/posts\/24239\/revisions\/24684"}],"wp:featuredmedia":[{"embeddable":true,"href":"https:\/\/arteliagroup.ca\/fr\/wp-json\/wp\/v2\/media\/24242"}],"wp:attachment":[{"href":"https:\/\/arteliagroup.ca\/fr\/wp-json\/wp\/v2\/media?parent=24239"}],"wp:term":[{"taxonomy":"category","embeddable":true,"href":"https:\/\/arteliagroup.ca\/fr\/wp-json\/wp\/v2\/categories?post=24239"},{"taxonomy":"post_tag","embeddable":true,"href":"https:\/\/arteliagroup.ca\/fr\/wp-json\/wp\/v2\/tags?post=24239"}],"curies":[{"name":"wp","href":"https:\/\/api.w.org\/{rel}","templated":true}]}}