{"id":602,"date":"2024-02-25T10:22:54","date_gmt":"2024-02-25T15:22:54","guid":{"rendered":"https:\/\/arteliagroup.ca\/?p=602"},"modified":"2024-12-17T19:44:59","modified_gmt":"2024-12-18T00:44:59","slug":"bravo-a-nos-collegues-de-sherbrooke-qui-ont-releve-le-defi-ski-leucan","status":"publish","type":"post","link":"https:\/\/arteliagroup.ca\/fr\/communaute\/bravo-a-nos-collegues-de-sherbrooke-qui-ont-releve-le-defi-ski-leucan\/","title":{"rendered":"Bravo \u00e0 nos coll\u00e8gues de Sherbrooke qui ont relev\u00e9 le D\u00e9fi Ski Leucan"},"content":{"rendered":"","protected":false},"excerpt":{"rendered":"<p>Nous avons \u00e9t\u00e9 nombreux \u00e0 soutenir nos courageux coll\u00e8gues dans leurs collectes de fonds pour le D\u00e9fi Ski Leucan et en partie gr\u00e2ce \u00e0 notre g\u00e9n\u00e9rosit\u00e9,\u2026<\/p>\n","protected":false},"author":1,"featured_media":599,"comment_status":"closed","ping_status":"closed","sticky":false,"template":"","format":"standard","meta":{"_acf_changed":false,"footnotes":""},"categories":[41],"tags":[],"class_list":["post-602","post","type-post","status-publish","format-standard","has-post-thumbnail","hentry","category-communaute"],"acf":[],"yoast_head":"<!-- This site is optimized with the Yoast SEO plugin v27.4 - https:\/\/yoast.com\/product\/yoast-seo-wordpress\/ -->\n<title>Bravo \u00e0 nos coll\u00e8gues de Sherbrooke qui ont relev\u00e9 le D\u00e9fi Ski Leucan - Artelia<\/title>\n<meta name=\"description\" content=\"Durant la journ\u00e9e, nos coll\u00e8gues se sont joints aux 105 participants en soutien aux enfants atteints de cancer et leur famille.\" \/>\n<meta name=\"robots\" content=\"index, follow, max-snippet:-1, max-image-preview:large, max-video-preview:-1\" \/>\n<link rel=\"canonical\" href=\"https:\/\/arteliagroup.ca\/fr\/communaute\/bravo-a-nos-collegues-de-sherbrooke-qui-ont-releve-le-defi-ski-leucan\/\" \/>\n<meta property=\"og:locale\" content=\"fr_CA\" \/>\n<meta property=\"og:type\" content=\"article\" \/>\n<meta property=\"og:title\" content=\"Bravo \u00e0 nos coll\u00e8gues de Sherbrooke qui ont relev\u00e9 le D\u00e9fi Ski Leucan - Artelia\" \/>\n<meta property=\"og:description\" content=\"Durant la journ\u00e9e, nos coll\u00e8gues se sont joints aux 105 participants en soutien aux enfants atteints de cancer et leur famille.\" \/>\n<meta property=\"og:url\" content=\"https:\/\/arteliagroup.ca\/fr\/communaute\/bravo-a-nos-collegues-de-sherbrooke-qui-ont-releve-le-defi-ski-leucan\/\" \/>\n<meta property=\"og:site_name\" content=\"Artelia\" \/>\n<meta property=\"article:publisher\" content=\"https:\/\/www.linkedin.com\/company\/artelia-canada\/\" \/>\n<meta property=\"article:published_time\" content=\"2024-02-25T15:22:54+00:00\" \/>\n<meta property=\"article:modified_time\" content=\"2024-12-18T00:44:59+00:00\" \/>\n<meta property=\"og:image\" content=\"https:\/\/arteliagroup.ca\/wp-content\/uploads\/2024\/07\/2024-04-01-Ski-Leucan_v-jpg.avif\" \/>\n\t<meta property=\"og:image:width\" content=\"702\" \/>\n\t<meta property=\"og:image:height\" content=\"440\" \/>\n\t<meta property=\"og:image:type\" content=\"image\/jpeg\" \/>\n<meta name=\"author\" content=\"bmounie\" \/>\n<meta name=\"twitter:card\" content=\"summary_large_image\" \/>\n<meta name=\"twitter:label1\" content=\"\u00c9crit par\" \/>\n\t<meta name=\"twitter:data1\" content=\"bmounie\" \/>\n\t<meta name=\"twitter:label2\" content=\"Estimation du temps de lecture\" \/>\n\t<meta name=\"twitter:data2\" content=\"2 minutes\" \/>\n<script type=\"application\/ld+json\" class=\"yoast-schema-graph\">{\"@context\":\"https:\\\/\\\/schema.org\",\"@graph\":[{\"@type\":\"Article\",\"@id\":\"https:\\\/\\\/arteliagroup.ca\\\/fr\\\/communaute\\\/bravo-a-nos-collegues-de-sherbrooke-qui-ont-releve-le-defi-ski-leucan\\\/#article\",\"isPartOf\":{\"@id\":\"https:\\\/\\\/arteliagroup.ca\\\/fr\\\/communaute\\\/bravo-a-nos-collegues-de-sherbrooke-qui-ont-releve-le-defi-ski-leucan\\\/\"},\"author\":{\"name\":\"bmounie\",\"@id\":\"https:\\\/\\\/arteliagroup.ca\\\/fr\\\/#\\\/schema\\\/person\\\/ca3fb84911582214cd4b17a17abb945b\"},\"headline\":\"Bravo \u00e0 nos coll\u00e8gues de Sherbrooke qui ont relev\u00e9 le D\u00e9fi Ski Leucan\",\"datePublished\":\"2024-02-25T15:22:54+00:00\",\"dateModified\":\"2024-12-18T00:44:59+00:00\",\"mainEntityOfPage\":{\"@id\":\"https:\\\/\\\/arteliagroup.ca\\\/fr\\\/communaute\\\/bravo-a-nos-collegues-de-sherbrooke-qui-ont-releve-le-defi-ski-leucan\\\/\"},\"wordCount\":14,\"publisher\":{\"@id\":\"https:\\\/\\\/arteliagroup.ca\\\/fr\\\/#organization\"},\"image\":{\"@id\":\"https:\\\/\\\/arteliagroup.ca\\\/fr\\\/communaute\\\/bravo-a-nos-collegues-de-sherbrooke-qui-ont-releve-le-defi-ski-leucan\\\/#primaryimage\"},\"thumbnailUrl\":\"https:\\\/\\\/arteliagroup.ca\\\/wp-content\\\/uploads\\\/2024\\\/07\\\/2024-04-01-Ski-Leucan_v-jpg.avif\",\"articleSection\":[\"Communaut\u00e9\"],\"inLanguage\":\"fr-FR\"},{\"@type\":\"WebPage\",\"@id\":\"https:\\\/\\\/arteliagroup.ca\\\/fr\\\/communaute\\\/bravo-a-nos-collegues-de-sherbrooke-qui-ont-releve-le-defi-ski-leucan\\\/\",\"url\":\"https:\\\/\\\/arteliagroup.ca\\\/fr\\\/communaute\\\/bravo-a-nos-collegues-de-sherbrooke-qui-ont-releve-le-defi-ski-leucan\\\/\",\"name\":\"Bravo \u00e0 nos coll\u00e8gues de Sherbrooke qui ont relev\u00e9 le D\u00e9fi Ski Leucan - Artelia\",\"isPartOf\":{\"@id\":\"https:\\\/\\\/arteliagroup.ca\\\/fr\\\/#website\"},\"primaryImageOfPage\":{\"@id\":\"https:\\\/\\\/arteliagroup.ca\\\/fr\\\/communaute\\\/bravo-a-nos-collegues-de-sherbrooke-qui-ont-releve-le-defi-ski-leucan\\\/#primaryimage\"},\"image\":{\"@id\":\"https:\\\/\\\/arteliagroup.ca\\\/fr\\\/communaute\\\/bravo-a-nos-collegues-de-sherbrooke-qui-ont-releve-le-defi-ski-leucan\\\/#primaryimage\"},\"thumbnailUrl\":\"https:\\\/\\\/arteliagroup.ca\\\/wp-content\\\/uploads\\\/2024\\\/07\\\/2024-04-01-Ski-Leucan_v-jpg.avif\",\"datePublished\":\"2024-02-25T15:22:54+00:00\",\"dateModified\":\"2024-12-18T00:44:59+00:00\",\"description\":\"Durant la journ\u00e9e, nos coll\u00e8gues se sont joints aux 105 participants en soutien aux enfants atteints de cancer et leur famille.\",\"breadcrumb\":{\"@id\":\"https:\\\/\\\/arteliagroup.ca\\\/fr\\\/communaute\\\/bravo-a-nos-collegues-de-sherbrooke-qui-ont-releve-le-defi-ski-leucan\\\/#breadcrumb\"},\"inLanguage\":\"fr-FR\",\"potentialAction\":[{\"@type\":\"ReadAction\",\"target\":[\"https:\\\/\\\/arteliagroup.ca\\\/fr\\\/communaute\\\/bravo-a-nos-collegues-de-sherbrooke-qui-ont-releve-le-defi-ski-leucan\\\/\"]}]},{\"@type\":\"ImageObject\",\"inLanguage\":\"fr-FR\",\"@id\":\"https:\\\/\\\/arteliagroup.ca\\\/fr\\\/communaute\\\/bravo-a-nos-collegues-de-sherbrooke-qui-ont-releve-le-defi-ski-leucan\\\/#primaryimage\",\"url\":\"https:\\\/\\\/arteliagroup.ca\\\/wp-content\\\/uploads\\\/2024\\\/07\\\/2024-04-01-Ski-Leucan_v-jpg.avif\",\"contentUrl\":\"https:\\\/\\\/arteliagroup.ca\\\/wp-content\\\/uploads\\\/2024\\\/07\\\/2024-04-01-Ski-Leucan_v-jpg.avif\",\"width\":702,\"height\":440,\"caption\":\"Nous avons \u00e9t\u00e9 nombreux \u00e0 soutenir nos courageux coll\u00e8gues dans leurs collectes de fonds pour le D\u00e9fi Ski Leucan et en partie gr\u00e2ce \u00e0 notre g\u00e9n\u00e9rosit\u00e9, les deux \u00e9quipes engag\u00e9es dans le d\u00e9fi ont amass\u00e9 un montant total de pr\u00e8s de 2 000 $.\"},{\"@type\":\"BreadcrumbList\",\"@id\":\"https:\\\/\\\/arteliagroup.ca\\\/fr\\\/communaute\\\/bravo-a-nos-collegues-de-sherbrooke-qui-ont-releve-le-defi-ski-leucan\\\/#breadcrumb\",\"itemListElement\":[{\"@type\":\"ListItem\",\"position\":1,\"name\":\"Accueil\",\"item\":\"https:\\\/\\\/arteliagroup.ca\\\/fr\\\/\"},{\"@type\":\"ListItem\",\"position\":2,\"name\":\"Bravo \u00e0 nos coll\u00e8gues de Sherbrooke qui ont relev\u00e9 le D\u00e9fi Ski Leucan\"}]},{\"@type\":\"WebSite\",\"@id\":\"https:\\\/\\\/arteliagroup.ca\\\/fr\\\/#website\",\"url\":\"https:\\\/\\\/arteliagroup.ca\\\/fr\\\/\",\"name\":\"Artelia\",\"description\":\"CR\u00c9ER DES SOLUTIONS POUR UNE VIE POSITIVE\",\"publisher\":{\"@id\":\"https:\\\/\\\/arteliagroup.ca\\\/fr\\\/#organization\"},\"alternateName\":\"Artelia Canada\",\"potentialAction\":[{\"@type\":\"SearchAction\",\"target\":{\"@type\":\"EntryPoint\",\"urlTemplate\":\"https:\\\/\\\/arteliagroup.ca\\\/fr\\\/?s={search_term_string}\"},\"query-input\":{\"@type\":\"PropertyValueSpecification\",\"valueRequired\":true,\"valueName\":\"search_term_string\"}}],\"inLanguage\":\"fr-FR\"},{\"@type\":\"Organization\",\"@id\":\"https:\\\/\\\/arteliagroup.ca\\\/fr\\\/#organization\",\"name\":\"Artelia\",\"alternateName\":\"Artelia Canada\",\"url\":\"https:\\\/\\\/arteliagroup.ca\\\/fr\\\/\",\"logo\":{\"@type\":\"ImageObject\",\"inLanguage\":\"fr-FR\",\"@id\":\"https:\\\/\\\/arteliagroup.ca\\\/fr\\\/#\\\/schema\\\/logo\\\/image\\\/\",\"url\":\"https:\\\/\\\/arteliagroup.ca\\\/wp-content\\\/uploads\\\/2024\\\/07\\\/ARTELIA_couleur_WEB.svg\",\"contentUrl\":\"https:\\\/\\\/arteliagroup.ca\\\/wp-content\\\/uploads\\\/2024\\\/07\\\/ARTELIA_couleur_WEB.svg\",\"width\":300,\"height\":91,\"caption\":\"Artelia\"},\"image\":{\"@id\":\"https:\\\/\\\/arteliagroup.ca\\\/fr\\\/#\\\/schema\\\/logo\\\/image\\\/\"},\"sameAs\":[\"https:\\\/\\\/www.linkedin.com\\\/company\\\/artelia-canada\\\/\"]},{\"@type\":\"Person\",\"@id\":\"https:\\\/\\\/arteliagroup.ca\\\/fr\\\/#\\\/schema\\\/person\\\/ca3fb84911582214cd4b17a17abb945b\",\"name\":\"bmounie\",\"image\":{\"@type\":\"ImageObject\",\"inLanguage\":\"fr-FR\",\"@id\":\"https:\\\/\\\/secure.gravatar.com\\\/avatar\\\/506218f900d94738f4c2446bd47137d28f751b37412f4784166b70a75dfb6af4?s=96&d=mm&r=g\",\"url\":\"https:\\\/\\\/secure.gravatar.com\\\/avatar\\\/506218f900d94738f4c2446bd47137d28f751b37412f4784166b70a75dfb6af4?s=96&d=mm&r=g\",\"contentUrl\":\"https:\\\/\\\/secure.gravatar.com\\\/avatar\\\/506218f900d94738f4c2446bd47137d28f751b37412f4784166b70a75dfb6af4?s=96&d=mm&r=g\",\"caption\":\"bmounie\"},\"sameAs\":[\"https:\\\/\\\/arteliagroup.ca\"]}]}<\/script>\n<!-- \/ Yoast SEO plugin. -->","yoast_head_json":{"title":"Bravo \u00e0 nos coll\u00e8gues de Sherbrooke qui ont relev\u00e9 le D\u00e9fi Ski Leucan - Artelia","description":"Durant la journ\u00e9e, nos coll\u00e8gues se sont joints aux 105 participants en soutien aux enfants atteints de cancer et leur famille.","robots":{"index":"index","follow":"follow","max-snippet":"max-snippet:-1","max-image-preview":"max-image-preview:large","max-video-preview":"max-video-preview:-1"},"canonical":"https:\/\/arteliagroup.ca\/fr\/communaute\/bravo-a-nos-collegues-de-sherbrooke-qui-ont-releve-le-defi-ski-leucan\/","og_locale":"fr_CA","og_type":"article","og_title":"Bravo \u00e0 nos coll\u00e8gues de Sherbrooke qui ont relev\u00e9 le D\u00e9fi Ski Leucan - Artelia","og_description":"Durant la journ\u00e9e, nos coll\u00e8gues se sont joints aux 105 participants en soutien aux enfants atteints de cancer et leur famille.","og_url":"https:\/\/arteliagroup.ca\/fr\/communaute\/bravo-a-nos-collegues-de-sherbrooke-qui-ont-releve-le-defi-ski-leucan\/","og_site_name":"Artelia","article_publisher":"https:\/\/www.linkedin.com\/company\/artelia-canada\/","article_published_time":"2024-02-25T15:22:54+00:00","article_modified_time":"2024-12-18T00:44:59+00:00","og_image":[{"width":702,"height":440,"url":"https:\/\/arteliagroup.ca\/wp-content\/uploads\/2024\/07\/2024-04-01-Ski-Leucan_v-jpg.avif","type":"image\/jpeg"}],"author":"bmounie","twitter_card":"summary_large_image","twitter_misc":{"\u00c9crit par":"bmounie","Estimation du temps de lecture":"2 minutes"},"schema":{"@context":"https:\/\/schema.org","@graph":[{"@type":"Article","@id":"https:\/\/arteliagroup.ca\/fr\/communaute\/bravo-a-nos-collegues-de-sherbrooke-qui-ont-releve-le-defi-ski-leucan\/#article","isPartOf":{"@id":"https:\/\/arteliagroup.ca\/fr\/communaute\/bravo-a-nos-collegues-de-sherbrooke-qui-ont-releve-le-defi-ski-leucan\/"},"author":{"name":"bmounie","@id":"https:\/\/arteliagroup.ca\/fr\/#\/schema\/person\/ca3fb84911582214cd4b17a17abb945b"},"headline":"Bravo \u00e0 nos coll\u00e8gues de Sherbrooke qui ont relev\u00e9 le D\u00e9fi Ski Leucan","datePublished":"2024-02-25T15:22:54+00:00","dateModified":"2024-12-18T00:44:59+00:00","mainEntityOfPage":{"@id":"https:\/\/arteliagroup.ca\/fr\/communaute\/bravo-a-nos-collegues-de-sherbrooke-qui-ont-releve-le-defi-ski-leucan\/"},"wordCount":14,"publisher":{"@id":"https:\/\/arteliagroup.ca\/fr\/#organization"},"image":{"@id":"https:\/\/arteliagroup.ca\/fr\/communaute\/bravo-a-nos-collegues-de-sherbrooke-qui-ont-releve-le-defi-ski-leucan\/#primaryimage"},"thumbnailUrl":"https:\/\/arteliagroup.ca\/wp-content\/uploads\/2024\/07\/2024-04-01-Ski-Leucan_v-jpg.avif","articleSection":["Communaut\u00e9"],"inLanguage":"fr-FR"},{"@type":"WebPage","@id":"https:\/\/arteliagroup.ca\/fr\/communaute\/bravo-a-nos-collegues-de-sherbrooke-qui-ont-releve-le-defi-ski-leucan\/","url":"https:\/\/arteliagroup.ca\/fr\/communaute\/bravo-a-nos-collegues-de-sherbrooke-qui-ont-releve-le-defi-ski-leucan\/","name":"Bravo \u00e0 nos coll\u00e8gues de Sherbrooke qui ont relev\u00e9 le D\u00e9fi Ski Leucan - Artelia","isPartOf":{"@id":"https:\/\/arteliagroup.ca\/fr\/#website"},"primaryImageOfPage":{"@id":"https:\/\/arteliagroup.ca\/fr\/communaute\/bravo-a-nos-collegues-de-sherbrooke-qui-ont-releve-le-defi-ski-leucan\/#primaryimage"},"image":{"@id":"https:\/\/arteliagroup.ca\/fr\/communaute\/bravo-a-nos-collegues-de-sherbrooke-qui-ont-releve-le-defi-ski-leucan\/#primaryimage"},"thumbnailUrl":"https:\/\/arteliagroup.ca\/wp-content\/uploads\/2024\/07\/2024-04-01-Ski-Leucan_v-jpg.avif","datePublished":"2024-02-25T15:22:54+00:00","dateModified":"2024-12-18T00:44:59+00:00","description":"Durant la journ\u00e9e, nos coll\u00e8gues se sont joints aux 105 participants en soutien aux enfants atteints de cancer et leur famille.","breadcrumb":{"@id":"https:\/\/arteliagroup.ca\/fr\/communaute\/bravo-a-nos-collegues-de-sherbrooke-qui-ont-releve-le-defi-ski-leucan\/#breadcrumb"},"inLanguage":"fr-FR","potentialAction":[{"@type":"ReadAction","target":["https:\/\/arteliagroup.ca\/fr\/communaute\/bravo-a-nos-collegues-de-sherbrooke-qui-ont-releve-le-defi-ski-leucan\/"]}]},{"@type":"ImageObject","inLanguage":"fr-FR","@id":"https:\/\/arteliagroup.ca\/fr\/communaute\/bravo-a-nos-collegues-de-sherbrooke-qui-ont-releve-le-defi-ski-leucan\/#primaryimage","url":"https:\/\/arteliagroup.ca\/wp-content\/uploads\/2024\/07\/2024-04-01-Ski-Leucan_v-jpg.avif","contentUrl":"https:\/\/arteliagroup.ca\/wp-content\/uploads\/2024\/07\/2024-04-01-Ski-Leucan_v-jpg.avif","width":702,"height":440,"caption":"Nous avons \u00e9t\u00e9 nombreux \u00e0 soutenir nos courageux coll\u00e8gues dans leurs collectes de fonds pour le D\u00e9fi Ski Leucan et en partie gr\u00e2ce \u00e0 notre g\u00e9n\u00e9rosit\u00e9, les deux \u00e9quipes engag\u00e9es dans le d\u00e9fi ont amass\u00e9 un montant total de pr\u00e8s de 2 000 $."},{"@type":"BreadcrumbList","@id":"https:\/\/arteliagroup.ca\/fr\/communaute\/bravo-a-nos-collegues-de-sherbrooke-qui-ont-releve-le-defi-ski-leucan\/#breadcrumb","itemListElement":[{"@type":"ListItem","position":1,"name":"Accueil","item":"https:\/\/arteliagroup.ca\/fr\/"},{"@type":"ListItem","position":2,"name":"Bravo \u00e0 nos coll\u00e8gues de Sherbrooke qui ont relev\u00e9 le D\u00e9fi Ski Leucan"}]},{"@type":"WebSite","@id":"https:\/\/arteliagroup.ca\/fr\/#website","url":"https:\/\/arteliagroup.ca\/fr\/","name":"Artelia","description":"CR\u00c9ER DES SOLUTIONS POUR UNE VIE POSITIVE","publisher":{"@id":"https:\/\/arteliagroup.ca\/fr\/#organization"},"alternateName":"Artelia Canada","potentialAction":[{"@type":"SearchAction","target":{"@type":"EntryPoint","urlTemplate":"https:\/\/arteliagroup.ca\/fr\/?s={search_term_string}"},"query-input":{"@type":"PropertyValueSpecification","valueRequired":true,"valueName":"search_term_string"}}],"inLanguage":"fr-FR"},{"@type":"Organization","@id":"https:\/\/arteliagroup.ca\/fr\/#organization","name":"Artelia","alternateName":"Artelia Canada","url":"https:\/\/arteliagroup.ca\/fr\/","logo":{"@type":"ImageObject","inLanguage":"fr-FR","@id":"https:\/\/arteliagroup.ca\/fr\/#\/schema\/logo\/image\/","url":"https:\/\/arteliagroup.ca\/wp-content\/uploads\/2024\/07\/ARTELIA_couleur_WEB.svg","contentUrl":"https:\/\/arteliagroup.ca\/wp-content\/uploads\/2024\/07\/ARTELIA_couleur_WEB.svg","width":300,"height":91,"caption":"Artelia"},"image":{"@id":"https:\/\/arteliagroup.ca\/fr\/#\/schema\/logo\/image\/"},"sameAs":["https:\/\/www.linkedin.com\/company\/artelia-canada\/"]},{"@type":"Person","@id":"https:\/\/arteliagroup.ca\/fr\/#\/schema\/person\/ca3fb84911582214cd4b17a17abb945b","name":"bmounie","image":{"@type":"ImageObject","inLanguage":"fr-FR","@id":"https:\/\/secure.gravatar.com\/avatar\/506218f900d94738f4c2446bd47137d28f751b37412f4784166b70a75dfb6af4?s=96&d=mm&r=g","url":"https:\/\/secure.gravatar.com\/avatar\/506218f900d94738f4c2446bd47137d28f751b37412f4784166b70a75dfb6af4?s=96&d=mm&r=g","contentUrl":"https:\/\/secure.gravatar.com\/avatar\/506218f900d94738f4c2446bd47137d28f751b37412f4784166b70a75dfb6af4?s=96&d=mm&r=g","caption":"bmounie"},"sameAs":["https:\/\/arteliagroup.ca"]}]}},"_links":{"self":[{"href":"https:\/\/arteliagroup.ca\/fr\/wp-json\/wp\/v2\/posts\/602","targetHints":{"allow":["GET"]}}],"collection":[{"href":"https:\/\/arteliagroup.ca\/fr\/wp-json\/wp\/v2\/posts"}],"about":[{"href":"https:\/\/arteliagroup.ca\/fr\/wp-json\/wp\/v2\/types\/post"}],"author":[{"embeddable":true,"href":"https:\/\/arteliagroup.ca\/fr\/wp-json\/wp\/v2\/users\/1"}],"replies":[{"embeddable":true,"href":"https:\/\/arteliagroup.ca\/fr\/wp-json\/wp\/v2\/comments?post=602"}],"version-history":[{"count":4,"href":"https:\/\/arteliagroup.ca\/fr\/wp-json\/wp\/v2\/posts\/602\/revisions"}],"predecessor-version":[{"id":8362,"href":"https:\/\/arteliagroup.ca\/fr\/wp-json\/wp\/v2\/posts\/602\/revisions\/8362"}],"wp:featuredmedia":[{"embeddable":true,"href":"https:\/\/arteliagroup.ca\/fr\/wp-json\/wp\/v2\/media\/599"}],"wp:attachment":[{"href":"https:\/\/arteliagroup.ca\/fr\/wp-json\/wp\/v2\/media?parent=602"}],"wp:term":[{"taxonomy":"category","embeddable":true,"href":"https:\/\/arteliagroup.ca\/fr\/wp-json\/wp\/v2\/categories?post=602"},{"taxonomy":"post_tag","embeddable":true,"href":"https:\/\/arteliagroup.ca\/fr\/wp-json\/wp\/v2\/tags?post=602"}],"curies":[{"name":"wp","href":"https:\/\/api.w.org\/{rel}","templated":true}]}}