{"id":745,"date":"2024-07-15T11:39:21","date_gmt":"2024-07-15T15:39:21","guid":{"rendered":"https:\/\/arteliagroup.ca\/?p=745"},"modified":"2024-12-17T19:47:22","modified_gmt":"2024-12-18T00:47:22","slug":"notre-equipe-de-direction-presente-au-g150-de-artelia","status":"publish","type":"post","link":"https:\/\/arteliagroup.ca\/fr\/evenements\/notre-equipe-de-direction-presente-au-g150-de-artelia\/","title":{"rendered":"Notre \u00e9quipe de direction pr\u00e9sente au G150 de Artelia"},"content":{"rendered":"","protected":false},"excerpt":{"rendered":"<p>En juin dernier, l\u2019\u00e9quipe de direction d&rsquo;Artelia Canada a eu l\u2019honneur de participer au G150, une activit\u00e9 annuelle centrale dans la strat\u00e9gie d\u2019Artelia&#8230;<\/p>\n","protected":false},"author":1,"featured_media":753,"comment_status":"closed","ping_status":"closed","sticky":false,"template":"","format":"standard","meta":{"_acf_changed":false,"footnotes":""},"categories":[199],"tags":[],"class_list":["post-745","post","type-post","status-publish","format-standard","has-post-thumbnail","hentry","category-evenements"],"acf":[],"yoast_head":"<!-- This site is optimized with the Yoast SEO plugin v27.4 - https:\/\/yoast.com\/product\/yoast-seo-wordpress\/ -->\n<title>Notre \u00e9quipe de direction pr\u00e9sente au G150 de Artelia - Artelia<\/title>\n<meta name=\"description\" content=\"Un rassemblement des 150 leaders du Groupe Artelia pour \u00e9changer sur les enjeux, les d\u00e9fis et les perspectives de croissance des affaires.\" \/>\n<meta name=\"robots\" content=\"index, follow, max-snippet:-1, max-image-preview:large, max-video-preview:-1\" \/>\n<link rel=\"canonical\" href=\"https:\/\/arteliagroup.ca\/fr\/evenements\/notre-equipe-de-direction-presente-au-g150-de-artelia\/\" \/>\n<meta property=\"og:locale\" content=\"fr_CA\" \/>\n<meta property=\"og:type\" content=\"article\" \/>\n<meta property=\"og:title\" content=\"Notre \u00e9quipe de direction pr\u00e9sente au G150 de Artelia - Artelia\" \/>\n<meta property=\"og:description\" content=\"Un rassemblement des 150 leaders du Groupe Artelia pour \u00e9changer sur les enjeux, les d\u00e9fis et les perspectives de croissance des affaires.\" \/>\n<meta property=\"og:url\" content=\"https:\/\/arteliagroup.ca\/fr\/evenements\/notre-equipe-de-direction-presente-au-g150-de-artelia\/\" \/>\n<meta property=\"og:site_name\" content=\"Artelia\" \/>\n<meta property=\"article:publisher\" content=\"https:\/\/www.linkedin.com\/company\/artelia-canada\/\" \/>\n<meta property=\"article:published_time\" content=\"2024-07-15T15:39:21+00:00\" \/>\n<meta property=\"article:modified_time\" content=\"2024-12-18T00:47:22+00:00\" \/>\n<meta property=\"og:image\" content=\"https:\/\/arteliagroup.ca\/wp-content\/uploads\/2024\/07\/2024-07-15_G-150-Artelia_V-jpg.avif\" \/>\n\t<meta property=\"og:image:width\" content=\"702\" \/>\n\t<meta property=\"og:image:height\" content=\"440\" \/>\n\t<meta property=\"og:image:type\" content=\"image\/jpeg\" \/>\n<meta name=\"author\" content=\"bmounie\" \/>\n<meta name=\"twitter:card\" content=\"summary_large_image\" \/>\n<meta name=\"twitter:label1\" content=\"\u00c9crit par\" \/>\n\t<meta name=\"twitter:data1\" content=\"bmounie\" \/>\n\t<meta name=\"twitter:label2\" content=\"Estimation du temps de lecture\" \/>\n\t<meta name=\"twitter:data2\" content=\"2 minutes\" \/>\n<script type=\"application\/ld+json\" class=\"yoast-schema-graph\">{\"@context\":\"https:\\\/\\\/schema.org\",\"@graph\":[{\"@type\":\"Article\",\"@id\":\"https:\\\/\\\/arteliagroup.ca\\\/fr\\\/evenements\\\/notre-equipe-de-direction-presente-au-g150-de-artelia\\\/#article\",\"isPartOf\":{\"@id\":\"https:\\\/\\\/arteliagroup.ca\\\/fr\\\/evenements\\\/notre-equipe-de-direction-presente-au-g150-de-artelia\\\/\"},\"author\":{\"name\":\"bmounie\",\"@id\":\"https:\\\/\\\/arteliagroup.ca\\\/fr\\\/#\\\/schema\\\/person\\\/ca3fb84911582214cd4b17a17abb945b\"},\"headline\":\"Notre \u00e9quipe de direction pr\u00e9sente au G150 de Artelia\",\"datePublished\":\"2024-07-15T15:39:21+00:00\",\"dateModified\":\"2024-12-18T00:47:22+00:00\",\"mainEntityOfPage\":{\"@id\":\"https:\\\/\\\/arteliagroup.ca\\\/fr\\\/evenements\\\/notre-equipe-de-direction-presente-au-g150-de-artelia\\\/\"},\"wordCount\":10,\"publisher\":{\"@id\":\"https:\\\/\\\/arteliagroup.ca\\\/fr\\\/#organization\"},\"image\":{\"@id\":\"https:\\\/\\\/arteliagroup.ca\\\/fr\\\/evenements\\\/notre-equipe-de-direction-presente-au-g150-de-artelia\\\/#primaryimage\"},\"thumbnailUrl\":\"https:\\\/\\\/arteliagroup.ca\\\/wp-content\\\/uploads\\\/2024\\\/07\\\/2024-07-15_G-150-Artelia_V-jpg.avif\",\"articleSection\":[\"\u00c9v\u00e9nements\"],\"inLanguage\":\"fr-FR\"},{\"@type\":\"WebPage\",\"@id\":\"https:\\\/\\\/arteliagroup.ca\\\/fr\\\/evenements\\\/notre-equipe-de-direction-presente-au-g150-de-artelia\\\/\",\"url\":\"https:\\\/\\\/arteliagroup.ca\\\/fr\\\/evenements\\\/notre-equipe-de-direction-presente-au-g150-de-artelia\\\/\",\"name\":\"Notre \u00e9quipe de direction pr\u00e9sente au G150 de Artelia - Artelia\",\"isPartOf\":{\"@id\":\"https:\\\/\\\/arteliagroup.ca\\\/fr\\\/#website\"},\"primaryImageOfPage\":{\"@id\":\"https:\\\/\\\/arteliagroup.ca\\\/fr\\\/evenements\\\/notre-equipe-de-direction-presente-au-g150-de-artelia\\\/#primaryimage\"},\"image\":{\"@id\":\"https:\\\/\\\/arteliagroup.ca\\\/fr\\\/evenements\\\/notre-equipe-de-direction-presente-au-g150-de-artelia\\\/#primaryimage\"},\"thumbnailUrl\":\"https:\\\/\\\/arteliagroup.ca\\\/wp-content\\\/uploads\\\/2024\\\/07\\\/2024-07-15_G-150-Artelia_V-jpg.avif\",\"datePublished\":\"2024-07-15T15:39:21+00:00\",\"dateModified\":\"2024-12-18T00:47:22+00:00\",\"description\":\"Un rassemblement des 150 leaders du Groupe Artelia pour \u00e9changer sur les enjeux, les d\u00e9fis et les perspectives de croissance des affaires.\",\"breadcrumb\":{\"@id\":\"https:\\\/\\\/arteliagroup.ca\\\/fr\\\/evenements\\\/notre-equipe-de-direction-presente-au-g150-de-artelia\\\/#breadcrumb\"},\"inLanguage\":\"fr-FR\",\"potentialAction\":[{\"@type\":\"ReadAction\",\"target\":[\"https:\\\/\\\/arteliagroup.ca\\\/fr\\\/evenements\\\/notre-equipe-de-direction-presente-au-g150-de-artelia\\\/\"]}]},{\"@type\":\"ImageObject\",\"inLanguage\":\"fr-FR\",\"@id\":\"https:\\\/\\\/arteliagroup.ca\\\/fr\\\/evenements\\\/notre-equipe-de-direction-presente-au-g150-de-artelia\\\/#primaryimage\",\"url\":\"https:\\\/\\\/arteliagroup.ca\\\/wp-content\\\/uploads\\\/2024\\\/07\\\/2024-07-15_G-150-Artelia_V-jpg.avif\",\"contentUrl\":\"https:\\\/\\\/arteliagroup.ca\\\/wp-content\\\/uploads\\\/2024\\\/07\\\/2024-07-15_G-150-Artelia_V-jpg.avif\",\"width\":702,\"height\":440,\"caption\":\"En juin dernier, l\u2019\u00e9quipe de direction de FNX-INNOV a eu l\u2019honneur de participer au G150, une activit\u00e9 annuelle centrale dans la strat\u00e9gie d\u2019Artelia...\"},{\"@type\":\"BreadcrumbList\",\"@id\":\"https:\\\/\\\/arteliagroup.ca\\\/fr\\\/evenements\\\/notre-equipe-de-direction-presente-au-g150-de-artelia\\\/#breadcrumb\",\"itemListElement\":[{\"@type\":\"ListItem\",\"position\":1,\"name\":\"Accueil\",\"item\":\"https:\\\/\\\/arteliagroup.ca\\\/fr\\\/\"},{\"@type\":\"ListItem\",\"position\":2,\"name\":\"Notre \u00e9quipe de direction pr\u00e9sente au G150 de Artelia\"}]},{\"@type\":\"WebSite\",\"@id\":\"https:\\\/\\\/arteliagroup.ca\\\/fr\\\/#website\",\"url\":\"https:\\\/\\\/arteliagroup.ca\\\/fr\\\/\",\"name\":\"Artelia\",\"description\":\"CR\u00c9ER DES SOLUTIONS POUR UNE VIE POSITIVE\",\"publisher\":{\"@id\":\"https:\\\/\\\/arteliagroup.ca\\\/fr\\\/#organization\"},\"alternateName\":\"Artelia Canada\",\"potentialAction\":[{\"@type\":\"SearchAction\",\"target\":{\"@type\":\"EntryPoint\",\"urlTemplate\":\"https:\\\/\\\/arteliagroup.ca\\\/fr\\\/?s={search_term_string}\"},\"query-input\":{\"@type\":\"PropertyValueSpecification\",\"valueRequired\":true,\"valueName\":\"search_term_string\"}}],\"inLanguage\":\"fr-FR\"},{\"@type\":\"Organization\",\"@id\":\"https:\\\/\\\/arteliagroup.ca\\\/fr\\\/#organization\",\"name\":\"Artelia\",\"alternateName\":\"Artelia Canada\",\"url\":\"https:\\\/\\\/arteliagroup.ca\\\/fr\\\/\",\"logo\":{\"@type\":\"ImageObject\",\"inLanguage\":\"fr-FR\",\"@id\":\"https:\\\/\\\/arteliagroup.ca\\\/fr\\\/#\\\/schema\\\/logo\\\/image\\\/\",\"url\":\"https:\\\/\\\/arteliagroup.ca\\\/wp-content\\\/uploads\\\/2024\\\/07\\\/ARTELIA_couleur_WEB.svg\",\"contentUrl\":\"https:\\\/\\\/arteliagroup.ca\\\/wp-content\\\/uploads\\\/2024\\\/07\\\/ARTELIA_couleur_WEB.svg\",\"width\":300,\"height\":91,\"caption\":\"Artelia\"},\"image\":{\"@id\":\"https:\\\/\\\/arteliagroup.ca\\\/fr\\\/#\\\/schema\\\/logo\\\/image\\\/\"},\"sameAs\":[\"https:\\\/\\\/www.linkedin.com\\\/company\\\/artelia-canada\\\/\"]},{\"@type\":\"Person\",\"@id\":\"https:\\\/\\\/arteliagroup.ca\\\/fr\\\/#\\\/schema\\\/person\\\/ca3fb84911582214cd4b17a17abb945b\",\"name\":\"bmounie\",\"image\":{\"@type\":\"ImageObject\",\"inLanguage\":\"fr-FR\",\"@id\":\"https:\\\/\\\/secure.gravatar.com\\\/avatar\\\/506218f900d94738f4c2446bd47137d28f751b37412f4784166b70a75dfb6af4?s=96&d=mm&r=g\",\"url\":\"https:\\\/\\\/secure.gravatar.com\\\/avatar\\\/506218f900d94738f4c2446bd47137d28f751b37412f4784166b70a75dfb6af4?s=96&d=mm&r=g\",\"contentUrl\":\"https:\\\/\\\/secure.gravatar.com\\\/avatar\\\/506218f900d94738f4c2446bd47137d28f751b37412f4784166b70a75dfb6af4?s=96&d=mm&r=g\",\"caption\":\"bmounie\"},\"sameAs\":[\"https:\\\/\\\/arteliagroup.ca\"]}]}<\/script>\n<!-- \/ Yoast SEO plugin. -->","yoast_head_json":{"title":"Notre \u00e9quipe de direction pr\u00e9sente au G150 de Artelia - Artelia","description":"Un rassemblement des 150 leaders du Groupe Artelia pour \u00e9changer sur les enjeux, les d\u00e9fis et les perspectives de croissance des affaires.","robots":{"index":"index","follow":"follow","max-snippet":"max-snippet:-1","max-image-preview":"max-image-preview:large","max-video-preview":"max-video-preview:-1"},"canonical":"https:\/\/arteliagroup.ca\/fr\/evenements\/notre-equipe-de-direction-presente-au-g150-de-artelia\/","og_locale":"fr_CA","og_type":"article","og_title":"Notre \u00e9quipe de direction pr\u00e9sente au G150 de Artelia - Artelia","og_description":"Un rassemblement des 150 leaders du Groupe Artelia pour \u00e9changer sur les enjeux, les d\u00e9fis et les perspectives de croissance des affaires.","og_url":"https:\/\/arteliagroup.ca\/fr\/evenements\/notre-equipe-de-direction-presente-au-g150-de-artelia\/","og_site_name":"Artelia","article_publisher":"https:\/\/www.linkedin.com\/company\/artelia-canada\/","article_published_time":"2024-07-15T15:39:21+00:00","article_modified_time":"2024-12-18T00:47:22+00:00","og_image":[{"width":702,"height":440,"url":"https:\/\/arteliagroup.ca\/wp-content\/uploads\/2024\/07\/2024-07-15_G-150-Artelia_V-jpg.avif","type":"image\/jpeg"}],"author":"bmounie","twitter_card":"summary_large_image","twitter_misc":{"\u00c9crit par":"bmounie","Estimation du temps de lecture":"2 minutes"},"schema":{"@context":"https:\/\/schema.org","@graph":[{"@type":"Article","@id":"https:\/\/arteliagroup.ca\/fr\/evenements\/notre-equipe-de-direction-presente-au-g150-de-artelia\/#article","isPartOf":{"@id":"https:\/\/arteliagroup.ca\/fr\/evenements\/notre-equipe-de-direction-presente-au-g150-de-artelia\/"},"author":{"name":"bmounie","@id":"https:\/\/arteliagroup.ca\/fr\/#\/schema\/person\/ca3fb84911582214cd4b17a17abb945b"},"headline":"Notre \u00e9quipe de direction pr\u00e9sente au G150 de Artelia","datePublished":"2024-07-15T15:39:21+00:00","dateModified":"2024-12-18T00:47:22+00:00","mainEntityOfPage":{"@id":"https:\/\/arteliagroup.ca\/fr\/evenements\/notre-equipe-de-direction-presente-au-g150-de-artelia\/"},"wordCount":10,"publisher":{"@id":"https:\/\/arteliagroup.ca\/fr\/#organization"},"image":{"@id":"https:\/\/arteliagroup.ca\/fr\/evenements\/notre-equipe-de-direction-presente-au-g150-de-artelia\/#primaryimage"},"thumbnailUrl":"https:\/\/arteliagroup.ca\/wp-content\/uploads\/2024\/07\/2024-07-15_G-150-Artelia_V-jpg.avif","articleSection":["\u00c9v\u00e9nements"],"inLanguage":"fr-FR"},{"@type":"WebPage","@id":"https:\/\/arteliagroup.ca\/fr\/evenements\/notre-equipe-de-direction-presente-au-g150-de-artelia\/","url":"https:\/\/arteliagroup.ca\/fr\/evenements\/notre-equipe-de-direction-presente-au-g150-de-artelia\/","name":"Notre \u00e9quipe de direction pr\u00e9sente au G150 de Artelia - Artelia","isPartOf":{"@id":"https:\/\/arteliagroup.ca\/fr\/#website"},"primaryImageOfPage":{"@id":"https:\/\/arteliagroup.ca\/fr\/evenements\/notre-equipe-de-direction-presente-au-g150-de-artelia\/#primaryimage"},"image":{"@id":"https:\/\/arteliagroup.ca\/fr\/evenements\/notre-equipe-de-direction-presente-au-g150-de-artelia\/#primaryimage"},"thumbnailUrl":"https:\/\/arteliagroup.ca\/wp-content\/uploads\/2024\/07\/2024-07-15_G-150-Artelia_V-jpg.avif","datePublished":"2024-07-15T15:39:21+00:00","dateModified":"2024-12-18T00:47:22+00:00","description":"Un rassemblement des 150 leaders du Groupe Artelia pour \u00e9changer sur les enjeux, les d\u00e9fis et les perspectives de croissance des affaires.","breadcrumb":{"@id":"https:\/\/arteliagroup.ca\/fr\/evenements\/notre-equipe-de-direction-presente-au-g150-de-artelia\/#breadcrumb"},"inLanguage":"fr-FR","potentialAction":[{"@type":"ReadAction","target":["https:\/\/arteliagroup.ca\/fr\/evenements\/notre-equipe-de-direction-presente-au-g150-de-artelia\/"]}]},{"@type":"ImageObject","inLanguage":"fr-FR","@id":"https:\/\/arteliagroup.ca\/fr\/evenements\/notre-equipe-de-direction-presente-au-g150-de-artelia\/#primaryimage","url":"https:\/\/arteliagroup.ca\/wp-content\/uploads\/2024\/07\/2024-07-15_G-150-Artelia_V-jpg.avif","contentUrl":"https:\/\/arteliagroup.ca\/wp-content\/uploads\/2024\/07\/2024-07-15_G-150-Artelia_V-jpg.avif","width":702,"height":440,"caption":"En juin dernier, l\u2019\u00e9quipe de direction de FNX-INNOV a eu l\u2019honneur de participer au G150, une activit\u00e9 annuelle centrale dans la strat\u00e9gie d\u2019Artelia..."},{"@type":"BreadcrumbList","@id":"https:\/\/arteliagroup.ca\/fr\/evenements\/notre-equipe-de-direction-presente-au-g150-de-artelia\/#breadcrumb","itemListElement":[{"@type":"ListItem","position":1,"name":"Accueil","item":"https:\/\/arteliagroup.ca\/fr\/"},{"@type":"ListItem","position":2,"name":"Notre \u00e9quipe de direction pr\u00e9sente au G150 de Artelia"}]},{"@type":"WebSite","@id":"https:\/\/arteliagroup.ca\/fr\/#website","url":"https:\/\/arteliagroup.ca\/fr\/","name":"Artelia","description":"CR\u00c9ER DES SOLUTIONS POUR UNE VIE POSITIVE","publisher":{"@id":"https:\/\/arteliagroup.ca\/fr\/#organization"},"alternateName":"Artelia Canada","potentialAction":[{"@type":"SearchAction","target":{"@type":"EntryPoint","urlTemplate":"https:\/\/arteliagroup.ca\/fr\/?s={search_term_string}"},"query-input":{"@type":"PropertyValueSpecification","valueRequired":true,"valueName":"search_term_string"}}],"inLanguage":"fr-FR"},{"@type":"Organization","@id":"https:\/\/arteliagroup.ca\/fr\/#organization","name":"Artelia","alternateName":"Artelia Canada","url":"https:\/\/arteliagroup.ca\/fr\/","logo":{"@type":"ImageObject","inLanguage":"fr-FR","@id":"https:\/\/arteliagroup.ca\/fr\/#\/schema\/logo\/image\/","url":"https:\/\/arteliagroup.ca\/wp-content\/uploads\/2024\/07\/ARTELIA_couleur_WEB.svg","contentUrl":"https:\/\/arteliagroup.ca\/wp-content\/uploads\/2024\/07\/ARTELIA_couleur_WEB.svg","width":300,"height":91,"caption":"Artelia"},"image":{"@id":"https:\/\/arteliagroup.ca\/fr\/#\/schema\/logo\/image\/"},"sameAs":["https:\/\/www.linkedin.com\/company\/artelia-canada\/"]},{"@type":"Person","@id":"https:\/\/arteliagroup.ca\/fr\/#\/schema\/person\/ca3fb84911582214cd4b17a17abb945b","name":"bmounie","image":{"@type":"ImageObject","inLanguage":"fr-FR","@id":"https:\/\/secure.gravatar.com\/avatar\/506218f900d94738f4c2446bd47137d28f751b37412f4784166b70a75dfb6af4?s=96&d=mm&r=g","url":"https:\/\/secure.gravatar.com\/avatar\/506218f900d94738f4c2446bd47137d28f751b37412f4784166b70a75dfb6af4?s=96&d=mm&r=g","contentUrl":"https:\/\/secure.gravatar.com\/avatar\/506218f900d94738f4c2446bd47137d28f751b37412f4784166b70a75dfb6af4?s=96&d=mm&r=g","caption":"bmounie"},"sameAs":["https:\/\/arteliagroup.ca"]}]}},"_links":{"self":[{"href":"https:\/\/arteliagroup.ca\/fr\/wp-json\/wp\/v2\/posts\/745","targetHints":{"allow":["GET"]}}],"collection":[{"href":"https:\/\/arteliagroup.ca\/fr\/wp-json\/wp\/v2\/posts"}],"about":[{"href":"https:\/\/arteliagroup.ca\/fr\/wp-json\/wp\/v2\/types\/post"}],"author":[{"embeddable":true,"href":"https:\/\/arteliagroup.ca\/fr\/wp-json\/wp\/v2\/users\/1"}],"replies":[{"embeddable":true,"href":"https:\/\/arteliagroup.ca\/fr\/wp-json\/wp\/v2\/comments?post=745"}],"version-history":[{"count":7,"href":"https:\/\/arteliagroup.ca\/fr\/wp-json\/wp\/v2\/posts\/745\/revisions"}],"predecessor-version":[{"id":8361,"href":"https:\/\/arteliagroup.ca\/fr\/wp-json\/wp\/v2\/posts\/745\/revisions\/8361"}],"wp:featuredmedia":[{"embeddable":true,"href":"https:\/\/arteliagroup.ca\/fr\/wp-json\/wp\/v2\/media\/753"}],"wp:attachment":[{"href":"https:\/\/arteliagroup.ca\/fr\/wp-json\/wp\/v2\/media?parent=745"}],"wp:term":[{"taxonomy":"category","embeddable":true,"href":"https:\/\/arteliagroup.ca\/fr\/wp-json\/wp\/v2\/categories?post=745"},{"taxonomy":"post_tag","embeddable":true,"href":"https:\/\/arteliagroup.ca\/fr\/wp-json\/wp\/v2\/tags?post=745"}],"curies":[{"name":"wp","href":"https:\/\/api.w.org\/{rel}","templated":true}]}}