{"id":7930,"date":"2024-02-02T14:54:53","date_gmt":"2024-02-02T19:54:53","guid":{"rendered":"https:\/\/arteliagroup.ca\/?p=7930"},"modified":"2024-09-05T14:44:54","modified_gmt":"2024-09-05T18:44:54","slug":"artelia-participe-aux-rendez-vous-du-nouvel-an-celebrant-les-50-ans-de-lafg","status":"publish","type":"post","link":"https:\/\/arteliagroup.ca\/fr\/evenements\/artelia-participe-aux-rendez-vous-du-nouvel-an-celebrant-les-50-ans-de-lafg\/","title":{"rendered":"Artelia participe aux Rendez-vous du Nouvel An c\u00e9l\u00e9brant les 50 ans de l\u2019AFG"},"content":{"rendered":"","protected":false},"excerpt":{"rendered":"<p>Nous sommes heureux d\u2019avoir \u00e9t\u00e9 pr\u00e9sents au Rendez-vous du Nouvel An de l\u2019Association des firmes de g\u00e9nie-conseil \u2013 Qu\u00e9bec (AFG).<\/p>\n","protected":false},"author":2,"featured_media":6993,"comment_status":"closed","ping_status":"closed","sticky":false,"template":"","format":"standard","meta":{"_acf_changed":false,"footnotes":""},"categories":[199],"tags":[],"class_list":["post-7930","post","type-post","status-publish","format-standard","has-post-thumbnail","hentry","category-evenements"],"acf":[],"yoast_head":"<!-- This site is optimized with the Yoast SEO plugin v27.4 - https:\/\/yoast.com\/product\/yoast-seo-wordpress\/ -->\n<title>Artelia participe aux Rendez-vous du Nouvel An c\u00e9l\u00e9brant les 50 ans de l\u2019AFG - Artelia<\/title>\n<meta name=\"description\" content=\"Nous sommes heureux d\u2019avoir \u00e9t\u00e9 pr\u00e9sents au Rendez-vous du Nouvel An de l\u2019Association des firmes de g\u00e9nie-conseil \u2013 Qu\u00e9bec (AFG).\" \/>\n<meta name=\"robots\" content=\"index, follow, max-snippet:-1, max-image-preview:large, max-video-preview:-1\" \/>\n<link rel=\"canonical\" href=\"https:\/\/arteliagroup.ca\/fr\/evenements\/artelia-participe-aux-rendez-vous-du-nouvel-an-celebrant-les-50-ans-de-lafg\/\" \/>\n<meta property=\"og:locale\" content=\"fr_CA\" \/>\n<meta property=\"og:type\" content=\"article\" \/>\n<meta property=\"og:title\" content=\"Artelia participe aux Rendez-vous du Nouvel An c\u00e9l\u00e9brant les 50 ans de l\u2019AFG - Artelia\" \/>\n<meta property=\"og:description\" content=\"Nous sommes heureux d\u2019avoir \u00e9t\u00e9 pr\u00e9sents au Rendez-vous du Nouvel An de l\u2019Association des firmes de g\u00e9nie-conseil \u2013 Qu\u00e9bec (AFG).\" \/>\n<meta property=\"og:url\" content=\"https:\/\/arteliagroup.ca\/fr\/evenements\/artelia-participe-aux-rendez-vous-du-nouvel-an-celebrant-les-50-ans-de-lafg\/\" \/>\n<meta property=\"og:site_name\" content=\"Artelia\" \/>\n<meta property=\"article:publisher\" content=\"https:\/\/www.linkedin.com\/company\/artelia-canada\/\" \/>\n<meta property=\"article:published_time\" content=\"2024-02-02T19:54:53+00:00\" \/>\n<meta property=\"article:modified_time\" content=\"2024-09-05T18:44:54+00:00\" \/>\n<meta property=\"og:image\" content=\"https:\/\/arteliagroup.ca\/wp-content\/uploads\/2024\/08\/2024-02-02-Nouvel-an-AFG_V.webp\" \/>\n\t<meta property=\"og:image:width\" content=\"702\" \/>\n\t<meta property=\"og:image:height\" content=\"440\" \/>\n\t<meta property=\"og:image:type\" content=\"image\/webp\" \/>\n<meta name=\"author\" content=\"Karine Cyr\" \/>\n<meta name=\"twitter:card\" content=\"summary_large_image\" \/>\n<meta name=\"twitter:label1\" content=\"\u00c9crit par\" \/>\n\t<meta name=\"twitter:data1\" content=\"Karine Cyr\" \/>\n\t<meta name=\"twitter:label2\" content=\"Estimation du temps de lecture\" \/>\n\t<meta name=\"twitter:data2\" content=\"2 minutes\" \/>\n<script type=\"application\/ld+json\" class=\"yoast-schema-graph\">{\"@context\":\"https:\\\/\\\/schema.org\",\"@graph\":[{\"@type\":\"Article\",\"@id\":\"https:\\\/\\\/arteliagroup.ca\\\/fr\\\/evenements\\\/artelia-participe-aux-rendez-vous-du-nouvel-an-celebrant-les-50-ans-de-lafg\\\/#article\",\"isPartOf\":{\"@id\":\"https:\\\/\\\/arteliagroup.ca\\\/fr\\\/evenements\\\/artelia-participe-aux-rendez-vous-du-nouvel-an-celebrant-les-50-ans-de-lafg\\\/\"},\"author\":{\"name\":\"Karine Cyr\",\"@id\":\"https:\\\/\\\/arteliagroup.ca\\\/fr\\\/#\\\/schema\\\/person\\\/d31111d5d20c6ed04ce8caec8633cfcd\"},\"headline\":\"Artelia participe aux Rendez-vous du Nouvel An c\u00e9l\u00e9brant les 50 ans de l\u2019AFG\",\"datePublished\":\"2024-02-02T19:54:53+00:00\",\"dateModified\":\"2024-09-05T18:44:54+00:00\",\"mainEntityOfPage\":{\"@id\":\"https:\\\/\\\/arteliagroup.ca\\\/fr\\\/evenements\\\/artelia-participe-aux-rendez-vous-du-nouvel-an-celebrant-les-50-ans-de-lafg\\\/\"},\"wordCount\":15,\"publisher\":{\"@id\":\"https:\\\/\\\/arteliagroup.ca\\\/fr\\\/#organization\"},\"image\":{\"@id\":\"https:\\\/\\\/arteliagroup.ca\\\/fr\\\/evenements\\\/artelia-participe-aux-rendez-vous-du-nouvel-an-celebrant-les-50-ans-de-lafg\\\/#primaryimage\"},\"thumbnailUrl\":\"https:\\\/\\\/arteliagroup.ca\\\/wp-content\\\/uploads\\\/2024\\\/08\\\/2024-02-02-Nouvel-an-AFG_V.webp\",\"articleSection\":[\"\u00c9v\u00e9nements\"],\"inLanguage\":\"fr-FR\"},{\"@type\":\"WebPage\",\"@id\":\"https:\\\/\\\/arteliagroup.ca\\\/fr\\\/evenements\\\/artelia-participe-aux-rendez-vous-du-nouvel-an-celebrant-les-50-ans-de-lafg\\\/\",\"url\":\"https:\\\/\\\/arteliagroup.ca\\\/fr\\\/evenements\\\/artelia-participe-aux-rendez-vous-du-nouvel-an-celebrant-les-50-ans-de-lafg\\\/\",\"name\":\"Artelia participe aux Rendez-vous du Nouvel An c\u00e9l\u00e9brant les 50 ans de l\u2019AFG - Artelia\",\"isPartOf\":{\"@id\":\"https:\\\/\\\/arteliagroup.ca\\\/fr\\\/#website\"},\"primaryImageOfPage\":{\"@id\":\"https:\\\/\\\/arteliagroup.ca\\\/fr\\\/evenements\\\/artelia-participe-aux-rendez-vous-du-nouvel-an-celebrant-les-50-ans-de-lafg\\\/#primaryimage\"},\"image\":{\"@id\":\"https:\\\/\\\/arteliagroup.ca\\\/fr\\\/evenements\\\/artelia-participe-aux-rendez-vous-du-nouvel-an-celebrant-les-50-ans-de-lafg\\\/#primaryimage\"},\"thumbnailUrl\":\"https:\\\/\\\/arteliagroup.ca\\\/wp-content\\\/uploads\\\/2024\\\/08\\\/2024-02-02-Nouvel-an-AFG_V.webp\",\"datePublished\":\"2024-02-02T19:54:53+00:00\",\"dateModified\":\"2024-09-05T18:44:54+00:00\",\"description\":\"Nous sommes heureux d\u2019avoir \u00e9t\u00e9 pr\u00e9sents au Rendez-vous du Nouvel An de l\u2019Association des firmes de g\u00e9nie-conseil \u2013 Qu\u00e9bec (AFG).\",\"breadcrumb\":{\"@id\":\"https:\\\/\\\/arteliagroup.ca\\\/fr\\\/evenements\\\/artelia-participe-aux-rendez-vous-du-nouvel-an-celebrant-les-50-ans-de-lafg\\\/#breadcrumb\"},\"inLanguage\":\"fr-FR\",\"potentialAction\":[{\"@type\":\"ReadAction\",\"target\":[\"https:\\\/\\\/arteliagroup.ca\\\/fr\\\/evenements\\\/artelia-participe-aux-rendez-vous-du-nouvel-an-celebrant-les-50-ans-de-lafg\\\/\"]}]},{\"@type\":\"ImageObject\",\"inLanguage\":\"fr-FR\",\"@id\":\"https:\\\/\\\/arteliagroup.ca\\\/fr\\\/evenements\\\/artelia-participe-aux-rendez-vous-du-nouvel-an-celebrant-les-50-ans-de-lafg\\\/#primaryimage\",\"url\":\"https:\\\/\\\/arteliagroup.ca\\\/wp-content\\\/uploads\\\/2024\\\/08\\\/2024-02-02-Nouvel-an-AFG_V.webp\",\"contentUrl\":\"https:\\\/\\\/arteliagroup.ca\\\/wp-content\\\/uploads\\\/2024\\\/08\\\/2024-02-02-Nouvel-an-AFG_V.webp\",\"width\":702,\"height\":440,\"caption\":\"Artelia participe aux Rendez-vous du Nouvel An c\u00e9l\u00e9brant les 50 ans de l\u2019AFG\"},{\"@type\":\"BreadcrumbList\",\"@id\":\"https:\\\/\\\/arteliagroup.ca\\\/fr\\\/evenements\\\/artelia-participe-aux-rendez-vous-du-nouvel-an-celebrant-les-50-ans-de-lafg\\\/#breadcrumb\",\"itemListElement\":[{\"@type\":\"ListItem\",\"position\":1,\"name\":\"Accueil\",\"item\":\"https:\\\/\\\/arteliagroup.ca\\\/fr\\\/\"},{\"@type\":\"ListItem\",\"position\":2,\"name\":\"Artelia participe aux Rendez-vous du Nouvel An c\u00e9l\u00e9brant les 50 ans de l\u2019AFG\"}]},{\"@type\":\"WebSite\",\"@id\":\"https:\\\/\\\/arteliagroup.ca\\\/fr\\\/#website\",\"url\":\"https:\\\/\\\/arteliagroup.ca\\\/fr\\\/\",\"name\":\"Artelia\",\"description\":\"CR\u00c9ER DES SOLUTIONS POUR UNE VIE POSITIVE\",\"publisher\":{\"@id\":\"https:\\\/\\\/arteliagroup.ca\\\/fr\\\/#organization\"},\"alternateName\":\"Artelia Canada\",\"potentialAction\":[{\"@type\":\"SearchAction\",\"target\":{\"@type\":\"EntryPoint\",\"urlTemplate\":\"https:\\\/\\\/arteliagroup.ca\\\/fr\\\/?s={search_term_string}\"},\"query-input\":{\"@type\":\"PropertyValueSpecification\",\"valueRequired\":true,\"valueName\":\"search_term_string\"}}],\"inLanguage\":\"fr-FR\"},{\"@type\":\"Organization\",\"@id\":\"https:\\\/\\\/arteliagroup.ca\\\/fr\\\/#organization\",\"name\":\"Artelia\",\"alternateName\":\"Artelia Canada\",\"url\":\"https:\\\/\\\/arteliagroup.ca\\\/fr\\\/\",\"logo\":{\"@type\":\"ImageObject\",\"inLanguage\":\"fr-FR\",\"@id\":\"https:\\\/\\\/arteliagroup.ca\\\/fr\\\/#\\\/schema\\\/logo\\\/image\\\/\",\"url\":\"https:\\\/\\\/arteliagroup.ca\\\/wp-content\\\/uploads\\\/2024\\\/07\\\/ARTELIA_couleur_WEB.svg\",\"contentUrl\":\"https:\\\/\\\/arteliagroup.ca\\\/wp-content\\\/uploads\\\/2024\\\/07\\\/ARTELIA_couleur_WEB.svg\",\"width\":300,\"height\":91,\"caption\":\"Artelia\"},\"image\":{\"@id\":\"https:\\\/\\\/arteliagroup.ca\\\/fr\\\/#\\\/schema\\\/logo\\\/image\\\/\"},\"sameAs\":[\"https:\\\/\\\/www.linkedin.com\\\/company\\\/artelia-canada\\\/\"]},{\"@type\":\"Person\",\"@id\":\"https:\\\/\\\/arteliagroup.ca\\\/fr\\\/#\\\/schema\\\/person\\\/d31111d5d20c6ed04ce8caec8633cfcd\",\"name\":\"Karine Cyr\",\"image\":{\"@type\":\"ImageObject\",\"inLanguage\":\"fr-FR\",\"@id\":\"https:\\\/\\\/secure.gravatar.com\\\/avatar\\\/6750493bd0e2844674aa20d6b5a66ecf7fa3ae5848d312267ef04b68e82e415a?s=96&d=mm&r=g\",\"url\":\"https:\\\/\\\/secure.gravatar.com\\\/avatar\\\/6750493bd0e2844674aa20d6b5a66ecf7fa3ae5848d312267ef04b68e82e415a?s=96&d=mm&r=g\",\"contentUrl\":\"https:\\\/\\\/secure.gravatar.com\\\/avatar\\\/6750493bd0e2844674aa20d6b5a66ecf7fa3ae5848d312267ef04b68e82e415a?s=96&d=mm&r=g\",\"caption\":\"Karine Cyr\"}}]}<\/script>\n<!-- \/ Yoast SEO plugin. -->","yoast_head_json":{"title":"Artelia participe aux Rendez-vous du Nouvel An c\u00e9l\u00e9brant les 50 ans de l\u2019AFG - Artelia","description":"Nous sommes heureux d\u2019avoir \u00e9t\u00e9 pr\u00e9sents au Rendez-vous du Nouvel An de l\u2019Association des firmes de g\u00e9nie-conseil \u2013 Qu\u00e9bec (AFG).","robots":{"index":"index","follow":"follow","max-snippet":"max-snippet:-1","max-image-preview":"max-image-preview:large","max-video-preview":"max-video-preview:-1"},"canonical":"https:\/\/arteliagroup.ca\/fr\/evenements\/artelia-participe-aux-rendez-vous-du-nouvel-an-celebrant-les-50-ans-de-lafg\/","og_locale":"fr_CA","og_type":"article","og_title":"Artelia participe aux Rendez-vous du Nouvel An c\u00e9l\u00e9brant les 50 ans de l\u2019AFG - Artelia","og_description":"Nous sommes heureux d\u2019avoir \u00e9t\u00e9 pr\u00e9sents au Rendez-vous du Nouvel An de l\u2019Association des firmes de g\u00e9nie-conseil \u2013 Qu\u00e9bec (AFG).","og_url":"https:\/\/arteliagroup.ca\/fr\/evenements\/artelia-participe-aux-rendez-vous-du-nouvel-an-celebrant-les-50-ans-de-lafg\/","og_site_name":"Artelia","article_publisher":"https:\/\/www.linkedin.com\/company\/artelia-canada\/","article_published_time":"2024-02-02T19:54:53+00:00","article_modified_time":"2024-09-05T18:44:54+00:00","og_image":[{"width":702,"height":440,"url":"https:\/\/arteliagroup.ca\/wp-content\/uploads\/2024\/08\/2024-02-02-Nouvel-an-AFG_V.webp","type":"image\/webp"}],"author":"Karine Cyr","twitter_card":"summary_large_image","twitter_misc":{"\u00c9crit par":"Karine Cyr","Estimation du temps de lecture":"2 minutes"},"schema":{"@context":"https:\/\/schema.org","@graph":[{"@type":"Article","@id":"https:\/\/arteliagroup.ca\/fr\/evenements\/artelia-participe-aux-rendez-vous-du-nouvel-an-celebrant-les-50-ans-de-lafg\/#article","isPartOf":{"@id":"https:\/\/arteliagroup.ca\/fr\/evenements\/artelia-participe-aux-rendez-vous-du-nouvel-an-celebrant-les-50-ans-de-lafg\/"},"author":{"name":"Karine Cyr","@id":"https:\/\/arteliagroup.ca\/fr\/#\/schema\/person\/d31111d5d20c6ed04ce8caec8633cfcd"},"headline":"Artelia participe aux Rendez-vous du Nouvel An c\u00e9l\u00e9brant les 50 ans de l\u2019AFG","datePublished":"2024-02-02T19:54:53+00:00","dateModified":"2024-09-05T18:44:54+00:00","mainEntityOfPage":{"@id":"https:\/\/arteliagroup.ca\/fr\/evenements\/artelia-participe-aux-rendez-vous-du-nouvel-an-celebrant-les-50-ans-de-lafg\/"},"wordCount":15,"publisher":{"@id":"https:\/\/arteliagroup.ca\/fr\/#organization"},"image":{"@id":"https:\/\/arteliagroup.ca\/fr\/evenements\/artelia-participe-aux-rendez-vous-du-nouvel-an-celebrant-les-50-ans-de-lafg\/#primaryimage"},"thumbnailUrl":"https:\/\/arteliagroup.ca\/wp-content\/uploads\/2024\/08\/2024-02-02-Nouvel-an-AFG_V.webp","articleSection":["\u00c9v\u00e9nements"],"inLanguage":"fr-FR"},{"@type":"WebPage","@id":"https:\/\/arteliagroup.ca\/fr\/evenements\/artelia-participe-aux-rendez-vous-du-nouvel-an-celebrant-les-50-ans-de-lafg\/","url":"https:\/\/arteliagroup.ca\/fr\/evenements\/artelia-participe-aux-rendez-vous-du-nouvel-an-celebrant-les-50-ans-de-lafg\/","name":"Artelia participe aux Rendez-vous du Nouvel An c\u00e9l\u00e9brant les 50 ans de l\u2019AFG - Artelia","isPartOf":{"@id":"https:\/\/arteliagroup.ca\/fr\/#website"},"primaryImageOfPage":{"@id":"https:\/\/arteliagroup.ca\/fr\/evenements\/artelia-participe-aux-rendez-vous-du-nouvel-an-celebrant-les-50-ans-de-lafg\/#primaryimage"},"image":{"@id":"https:\/\/arteliagroup.ca\/fr\/evenements\/artelia-participe-aux-rendez-vous-du-nouvel-an-celebrant-les-50-ans-de-lafg\/#primaryimage"},"thumbnailUrl":"https:\/\/arteliagroup.ca\/wp-content\/uploads\/2024\/08\/2024-02-02-Nouvel-an-AFG_V.webp","datePublished":"2024-02-02T19:54:53+00:00","dateModified":"2024-09-05T18:44:54+00:00","description":"Nous sommes heureux d\u2019avoir \u00e9t\u00e9 pr\u00e9sents au Rendez-vous du Nouvel An de l\u2019Association des firmes de g\u00e9nie-conseil \u2013 Qu\u00e9bec (AFG).","breadcrumb":{"@id":"https:\/\/arteliagroup.ca\/fr\/evenements\/artelia-participe-aux-rendez-vous-du-nouvel-an-celebrant-les-50-ans-de-lafg\/#breadcrumb"},"inLanguage":"fr-FR","potentialAction":[{"@type":"ReadAction","target":["https:\/\/arteliagroup.ca\/fr\/evenements\/artelia-participe-aux-rendez-vous-du-nouvel-an-celebrant-les-50-ans-de-lafg\/"]}]},{"@type":"ImageObject","inLanguage":"fr-FR","@id":"https:\/\/arteliagroup.ca\/fr\/evenements\/artelia-participe-aux-rendez-vous-du-nouvel-an-celebrant-les-50-ans-de-lafg\/#primaryimage","url":"https:\/\/arteliagroup.ca\/wp-content\/uploads\/2024\/08\/2024-02-02-Nouvel-an-AFG_V.webp","contentUrl":"https:\/\/arteliagroup.ca\/wp-content\/uploads\/2024\/08\/2024-02-02-Nouvel-an-AFG_V.webp","width":702,"height":440,"caption":"Artelia participe aux Rendez-vous du Nouvel An c\u00e9l\u00e9brant les 50 ans de l\u2019AFG"},{"@type":"BreadcrumbList","@id":"https:\/\/arteliagroup.ca\/fr\/evenements\/artelia-participe-aux-rendez-vous-du-nouvel-an-celebrant-les-50-ans-de-lafg\/#breadcrumb","itemListElement":[{"@type":"ListItem","position":1,"name":"Accueil","item":"https:\/\/arteliagroup.ca\/fr\/"},{"@type":"ListItem","position":2,"name":"Artelia participe aux Rendez-vous du Nouvel An c\u00e9l\u00e9brant les 50 ans de l\u2019AFG"}]},{"@type":"WebSite","@id":"https:\/\/arteliagroup.ca\/fr\/#website","url":"https:\/\/arteliagroup.ca\/fr\/","name":"Artelia","description":"CR\u00c9ER DES SOLUTIONS POUR UNE VIE POSITIVE","publisher":{"@id":"https:\/\/arteliagroup.ca\/fr\/#organization"},"alternateName":"Artelia Canada","potentialAction":[{"@type":"SearchAction","target":{"@type":"EntryPoint","urlTemplate":"https:\/\/arteliagroup.ca\/fr\/?s={search_term_string}"},"query-input":{"@type":"PropertyValueSpecification","valueRequired":true,"valueName":"search_term_string"}}],"inLanguage":"fr-FR"},{"@type":"Organization","@id":"https:\/\/arteliagroup.ca\/fr\/#organization","name":"Artelia","alternateName":"Artelia Canada","url":"https:\/\/arteliagroup.ca\/fr\/","logo":{"@type":"ImageObject","inLanguage":"fr-FR","@id":"https:\/\/arteliagroup.ca\/fr\/#\/schema\/logo\/image\/","url":"https:\/\/arteliagroup.ca\/wp-content\/uploads\/2024\/07\/ARTELIA_couleur_WEB.svg","contentUrl":"https:\/\/arteliagroup.ca\/wp-content\/uploads\/2024\/07\/ARTELIA_couleur_WEB.svg","width":300,"height":91,"caption":"Artelia"},"image":{"@id":"https:\/\/arteliagroup.ca\/fr\/#\/schema\/logo\/image\/"},"sameAs":["https:\/\/www.linkedin.com\/company\/artelia-canada\/"]},{"@type":"Person","@id":"https:\/\/arteliagroup.ca\/fr\/#\/schema\/person\/d31111d5d20c6ed04ce8caec8633cfcd","name":"Karine Cyr","image":{"@type":"ImageObject","inLanguage":"fr-FR","@id":"https:\/\/secure.gravatar.com\/avatar\/6750493bd0e2844674aa20d6b5a66ecf7fa3ae5848d312267ef04b68e82e415a?s=96&d=mm&r=g","url":"https:\/\/secure.gravatar.com\/avatar\/6750493bd0e2844674aa20d6b5a66ecf7fa3ae5848d312267ef04b68e82e415a?s=96&d=mm&r=g","contentUrl":"https:\/\/secure.gravatar.com\/avatar\/6750493bd0e2844674aa20d6b5a66ecf7fa3ae5848d312267ef04b68e82e415a?s=96&d=mm&r=g","caption":"Karine Cyr"}}]}},"_links":{"self":[{"href":"https:\/\/arteliagroup.ca\/fr\/wp-json\/wp\/v2\/posts\/7930","targetHints":{"allow":["GET"]}}],"collection":[{"href":"https:\/\/arteliagroup.ca\/fr\/wp-json\/wp\/v2\/posts"}],"about":[{"href":"https:\/\/arteliagroup.ca\/fr\/wp-json\/wp\/v2\/types\/post"}],"author":[{"embeddable":true,"href":"https:\/\/arteliagroup.ca\/fr\/wp-json\/wp\/v2\/users\/2"}],"replies":[{"embeddable":true,"href":"https:\/\/arteliagroup.ca\/fr\/wp-json\/wp\/v2\/comments?post=7930"}],"version-history":[{"count":1,"href":"https:\/\/arteliagroup.ca\/fr\/wp-json\/wp\/v2\/posts\/7930\/revisions"}],"predecessor-version":[{"id":7931,"href":"https:\/\/arteliagroup.ca\/fr\/wp-json\/wp\/v2\/posts\/7930\/revisions\/7931"}],"wp:featuredmedia":[{"embeddable":true,"href":"https:\/\/arteliagroup.ca\/fr\/wp-json\/wp\/v2\/media\/6993"}],"wp:attachment":[{"href":"https:\/\/arteliagroup.ca\/fr\/wp-json\/wp\/v2\/media?parent=7930"}],"wp:term":[{"taxonomy":"category","embeddable":true,"href":"https:\/\/arteliagroup.ca\/fr\/wp-json\/wp\/v2\/categories?post=7930"},{"taxonomy":"post_tag","embeddable":true,"href":"https:\/\/arteliagroup.ca\/fr\/wp-json\/wp\/v2\/tags?post=7930"}],"curies":[{"name":"wp","href":"https:\/\/api.w.org\/{rel}","templated":true}]}}